{"id":60697,"date":"2019-09-10T07:44:36","date_gmt":"2019-09-10T11:44:36","guid":{"rendered":"https:\/\/linitiative.ca\/International\/lartiste-peintre-hassan-cheikh-tire-sa-reverence\/"},"modified":"2019-09-10T07:44:36","modified_gmt":"2019-09-10T11:44:36","slug":"lartiste-peintre-hassan-cheikh-tire-sa-reverence","status":"publish","type":"post","link":"https:\/\/linitiative.ca\/International\/lartiste-peintre-hassan-cheikh-tire-sa-reverence\/","title":{"rendered":"L\u2019artiste-peintre Hassan Cheikh tire sa r\u00e9v\u00e9rence"},"content":{"rendered":"<div class=\"single-featured\"><img alt=\"\" data-src=\"http:\/\/www.mapmarrakech.ma\/map\/uploads\/2019\/09\/Hassan-Cheikh.jpg\"\/><\/div>\n<div class=\"single-post-excerpt post-excerpt-bc\" readability=\"38\">\n<p>Essaouira- L\u2019artiste peintre souiri, Hassan Cheikh s\u2019est \u00e9teint, dimanche \u00e0 Essaouira, \u00e0 l\u2019\u00e2ge de 52 ans, des suites d\u2019une longue maladie, a-t-on appris lundi aupr\u00e8s de sa famille.<\/p>\n<\/div>\n<div class=\"entry-content clearfix single-post-content\" readability=\"66\">\n<p>Dans une ambiance de pi\u00e9t\u00e9 et de recueillement, feu Hassan Cheikh, fr\u00e8re du critique d\u2019art et intellectuel, Abdellah Cheikh, a \u00e9t\u00e9 inhum\u00e9 lundi apr\u00e8s les pri\u00e8res d\u2019Ad-Dohr et du mort, au cimeti\u00e8re de Douar Laareb \u00e0\u00a0Essaouira\u00a0et ce, en pr\u00e9sence d\u2019un parterre de personnalit\u00e9s du monde des Lettres, de l\u2019Art et de la culture ainsi que des proches et amis du d\u00e9funt.<\/p>\n<p>Le d\u00e9funt qui a laiss\u00e9 derri\u00e8re lui un patrimoine artistique consid\u00e9rable, \u00e9tait de son vivant une personnalit\u00e9 riche et simple. Il est consid\u00e9r\u00e9 comme l\u2019un des plasticiens les plus en vue de la cit\u00e9 des Aliz\u00e9s.<\/p>\n<p>Dans ses oeuvres, il a toujours c\u00e9l\u00e9br\u00e9 \u00e0 sa mani\u00e8re, un imaginaire social et traditionnel empreint de spiritualit\u00e9 et enracin\u00e9 dans l\u2019espace et le temps, avec beaucoup de po\u00e9sie o\u00f9 se confrontent le visible et l\u2019invisible dans une harmonie d\u00e9concertante qui affiche tout le talent du d\u00e9funt.<\/p>\n<p>Autodidacte subjugu\u00e9 tr\u00e8s t\u00f4t par les couleurs, feu Hassan Cheikh a toujours exprim\u00e9 sa volont\u00e9 d\u2019embrasser la spiritualit\u00e9 tr\u00e8s t\u00f4t d\u2019o\u00f9 la pr\u00e9sence de signes et de figures dans ses oeuvres. Ses travaux poss\u00e8dent ainsi une grande \u00e9l\u00e9gance, s\u2019inscrivaient parfaitement dans l\u2019histoire de l\u2019art et proposaient un \u00e9merveillement dans les regards les plus blas\u00e9s.<\/p>\n<p>Le d\u00e9funt qui, de longues ann\u00e9es durant, a enrichi la sc\u00e8ne artistique est p\u00e8re deux enfants.<\/p>\n<\/div>\n<p>Auteur: Mohammed KOURSI<br \/>\n<a href=\"http:\/\/www.mapmarrakech.ma\/fr\/lartiste-peintre-hassan-cheikh-tire-sa-reverence\/\">Cliquez ici pour lire l&rsquo;article depuis sa source.<\/a><\/p>\n","protected":false},"excerpt":{"rendered":"<p>Essaouira- L\u2019artiste peintre souiri, Hassan Cheikh s\u2019est \u00e9teint, dimanche \u00e0 Essaouira, \u00e0 l\u2019\u00e2ge de 52 ans, des suites d\u2019une longue maladie, a-t-on appris lundi aupr\u00e8s de sa famille. Dans une ambiance de pi\u00e9t\u00e9 et de recueillement, feu Hassan Cheikh, fr\u00e8re du critique d\u2019art et intellectuel, Abdellah Cheikh, a \u00e9t\u00e9 inhum\u00e9 lundi apr\u00e8s les pri\u00e8res d\u2019Ad-Dohr [&hellip;]<\/p>\n","protected":false},"author":1788,"featured_media":60698,"comment_status":"closed","ping_status":"closed","sticky":false,"template":"","format":"standard","meta":{"fifu_image_url":"","fifu_image_alt":"","footnotes":""},"categories":[54,76],"tags":[],"class_list":["post-60697","post","type-post","status-publish","format-standard","has-post-thumbnail","hentry","category-maroc","category-regions"],"_links":{"self":[{"href":"https:\/\/linitiative.ca\/International\/wp-json\/wp\/v2\/posts\/60697","targetHints":{"allow":["GET"]}}],"collection":[{"href":"https:\/\/linitiative.ca\/International\/wp-json\/wp\/v2\/posts"}],"about":[{"href":"https:\/\/linitiative.ca\/International\/wp-json\/wp\/v2\/types\/post"}],"author":[{"embeddable":true,"href":"https:\/\/linitiative.ca\/International\/wp-json\/wp\/v2\/users\/1788"}],"replies":[{"embeddable":true,"href":"https:\/\/linitiative.ca\/International\/wp-json\/wp\/v2\/comments?post=60697"}],"version-history":[{"count":0,"href":"https:\/\/linitiative.ca\/International\/wp-json\/wp\/v2\/posts\/60697\/revisions"}],"wp:featuredmedia":[{"embeddable":true,"href":"https:\/\/linitiative.ca\/International\/wp-json\/"}],"wp:attachment":[{"href":"https:\/\/linitiative.ca\/International\/wp-json\/wp\/v2\/media?parent=60697"}],"wp:term":[{"taxonomy":"category","embeddable":true,"href":"https:\/\/linitiative.ca\/International\/wp-json\/wp\/v2\/categories?post=60697"},{"taxonomy":"post_tag","embeddable":true,"href":"https:\/\/linitiative.ca\/International\/wp-json\/wp\/v2\/tags?post=60697"}],"curies":[{"name":"wp","href":"https:\/\/api.w.org\/{rel}","templated":true}]}}