{"id":60701,"date":"2019-09-09T18:40:10","date_gmt":"2019-09-09T22:40:10","guid":{"rendered":"https:\/\/linitiative.ca\/International\/terrorisme-localisation-de-deux-sites-de-fabrication-dexplosifs\/"},"modified":"2019-09-09T18:40:10","modified_gmt":"2019-09-09T22:40:10","slug":"terrorisme-localisation-de-deux-sites-de-fabrication-dexplosifs","status":"publish","type":"post","link":"https:\/\/linitiative.ca\/International\/terrorisme-localisation-de-deux-sites-de-fabrication-dexplosifs\/","title":{"rendered":"Terrorisme: Localisation de deux sites de fabrication d\u2019explosifs"},"content":{"rendered":"<p class=\"c3\">Les recherches en cours men\u00e9es par le Bureau central d\u2019investigations judiciaires (BCIJ), relevant de la Direction g\u00e9n\u00e9rale de la surveillance du territoire (DGST), suite au <span class=\"c2\"><a class=\"c1\" href=\"http:\/\/www.mapoujda.ma\/fr\/demantelement-dune-cellule-terroriste-lies-a-daech\/\">d\u00e9mant\u00e8lement d\u2019une cellule terroriste li\u00e9e \u00e0 \u00ab\u00a0DAECH\u00a0\u00bb<\/a><\/span>, le 05 septembre \u00e0 Berkane et \u00e0 Nador, ont permis de localiser deux sites dans une zone montagneuse au douar Imchtassen, dans la commune Dar al-Kabdani (province de Driouch), o\u00f9 les membres de cette cellule menaient des exp\u00e9riences en mati\u00e8re de fabrication d\u2019explosifs, pr\u00e9cise un communiqu\u00e9 du minist\u00e8re de l\u2019Int\u00e9rieur.<\/p>\n<p class=\"c3\">Les fouilles et constations men\u00e9es sur place ce lundi ont permis la saisie des restes d\u2019une cocotte-minute, d\u2019un tube m\u00e9tallique, de c\u00e2bles \u00e9lectriques et de clous utilis\u00e9s dans des op\u00e9rations exp\u00e9rimentales de fabrication d\u2019une charge explosive \u00e0 distance, indique la m\u00eame source, ajoutant qu\u2019il a aussi \u00e9t\u00e9 proc\u00e9d\u00e9, au domicile de l\u2019un des suspects, sis \u00e0 Selouane (province de Nador), \u00e0 la saisie de tubes en plastique de taille moyenne qui seront soumis \u00e0 l\u2019expertise scientifique.<\/p>\n<p class=\"c3\">L\u2019enqu\u00eate en cours avec les \u00e9l\u00e9ments arr\u00eat\u00e9s a permis de r\u00e9v\u00e9ler leur implication dans la planification de l\u2019ex\u00e9cution de plusieurs projets terroristes ciblant des sites sensibles dans le Royaume.<\/p>\n<p class=\"c4\">Les mis en cause seront d\u00e9f\u00e9r\u00e9s devant la justice une fois achev\u00e9e l\u2019enqu\u00eate men\u00e9e sous la supervision du Parquet comp\u00e9tent, conclut le communiqu\u00e9.<\/p>\n<p>Auteur: Soufiane ELAHMAR<br \/>\n<a href=\"http:\/\/www.mapoujda.ma\/fr\/terrorisme-localisation-de-deux-sites-de-fabrication-dexplosifs\/\">Cliquez ici pour lire l&rsquo;article depuis sa source.<\/a><\/p>\n","protected":false},"excerpt":{"rendered":"<p>Les recherches en cours men\u00e9es par le Bureau central d\u2019investigations judiciaires (BCIJ), relevant de la Direction g\u00e9n\u00e9rale de la surveillance du territoire (DGST), suite au d\u00e9mant\u00e8lement d\u2019une cellule terroriste li\u00e9e \u00e0 \u00ab\u00a0DAECH\u00a0\u00bb, le 05 septembre \u00e0 Berkane et \u00e0 Nador, ont permis de localiser deux sites dans une zone montagneuse au douar Imchtassen, dans la [&hellip;]<\/p>\n","protected":false},"author":1788,"featured_media":0,"comment_status":"closed","ping_status":"closed","sticky":false,"template":"","format":"standard","meta":{"fifu_image_url":"","fifu_image_alt":"","footnotes":""},"categories":[54,76],"tags":[],"class_list":["post-60701","post","type-post","status-publish","format-standard","hentry","category-maroc","category-regions"],"_links":{"self":[{"href":"https:\/\/linitiative.ca\/International\/wp-json\/wp\/v2\/posts\/60701","targetHints":{"allow":["GET"]}}],"collection":[{"href":"https:\/\/linitiative.ca\/International\/wp-json\/wp\/v2\/posts"}],"about":[{"href":"https:\/\/linitiative.ca\/International\/wp-json\/wp\/v2\/types\/post"}],"author":[{"embeddable":true,"href":"https:\/\/linitiative.ca\/International\/wp-json\/wp\/v2\/users\/1788"}],"replies":[{"embeddable":true,"href":"https:\/\/linitiative.ca\/International\/wp-json\/wp\/v2\/comments?post=60701"}],"version-history":[{"count":0,"href":"https:\/\/linitiative.ca\/International\/wp-json\/wp\/v2\/posts\/60701\/revisions"}],"wp:attachment":[{"href":"https:\/\/linitiative.ca\/International\/wp-json\/wp\/v2\/media?parent=60701"}],"wp:term":[{"taxonomy":"category","embeddable":true,"href":"https:\/\/linitiative.ca\/International\/wp-json\/wp\/v2\/categories?post=60701"},{"taxonomy":"post_tag","embeddable":true,"href":"https:\/\/linitiative.ca\/International\/wp-json\/wp\/v2\/tags?post=60701"}],"curies":[{"name":"wp","href":"https:\/\/api.w.org\/{rel}","templated":true}]}}