{"id":60704,"date":"2019-09-10T07:15:00","date_gmt":"2019-09-10T11:15:00","guid":{"rendered":"https:\/\/linitiative.ca\/International\/syrie-patrouilles-conjointes-turco-americaines\/"},"modified":"2019-09-10T07:15:00","modified_gmt":"2019-09-10T11:15:00","slug":"syrie-patrouilles-conjointes-turco-americaines","status":"publish","type":"post","link":"https:\/\/linitiative.ca\/International\/syrie-patrouilles-conjointes-turco-americaines\/","title":{"rendered":"Syrie: Patrouilles conjointes turco-am\u00e9ricaines"},"content":{"rendered":"<div readability=\"34\">\n<p>Objectif: Mise en place d\u2019une zone tampon<\/p>\n<p>Ankara craint un afflux de migrants syriens<\/p>\n<\/div>\n<div readability=\"69\">\n<p class=\"rtejustify\">Des v\u00e9hicules blind\u00e9s turcs et autant am\u00e9ricains\u2026 Ankara et Washington ont lanc\u00e9, hier dimanche, leur premi\u00e8re patrouille conjointe dans le nord-est de la Syrie.<\/p>\n<p class=\"rtejustify\">Une op\u00e9ration qui fait suite \u00e0 l\u2019accord conclu le mois dernier entre les deux pays. Celui-ci pr\u00e9voit la mise en place d\u2019une zone tampon entre la fronti\u00e8re turque et les zones syriennes contr\u00f4l\u00e9es par la milice kurde appuy\u00e9e par Washington des Unit\u00e9s de protection du peuple (YPG), fer de lance des Forces d\u00e9mocratiques syriennes (FDS), \u00e0 l\u2019est du fleuve Euphrate.<\/p>\n<p class=\"rtejustify\">Ankara et Washington ont r\u00e9cemment mis en place le centre d\u2019op\u00e9rations conjointes, pr\u00e9vu par cet accord pour coordonner la cr\u00e9ation de la zone de s\u00e9curit\u00e9. Recep Tayyip Erdogan a affirm\u00e9 que son homologue am\u00e9ricain Donald Trump avait promis que ladite zone serait large de 32 kilom\u00e8tres (20 miles). Le pr\u00e9sident turc a \u00e9galement menac\u00e9 de lancer une op\u00e9ration dans le nord-est de la Syrie si la Turquie n\u2019obtient pas son contr\u00f4le. Cet accord avait d\u00e9j\u00e0 permis d\u2019\u00e9viter une op\u00e9ration turque contre les YPG qui semblait imminente.<\/p>\n<p class=\"rtejustify\">L\u2019un des objectifs de la zone de s\u00e9curit\u00e9 pour Ankara est de pouvoir y renvoyer certains des plus de 3,6 millions de r\u00e9fugi\u00e9s syriens install\u00e9s en Turquie. Un projet pressant au moment o\u00f9 les combats \u00e0 Idleb (nord-ouest de la Syrie), o\u00f9 vivent environ trois millions d\u2019habitants, font craindre un nouvel afflux de migrants.<\/p>\n<p class=\"rtejustify\">Sur ce m\u00eame sujet, le pr\u00e9sident turc a menac\u00e9 d\u2019en laisser affluer une nouvelle vague vers l\u2019Union europ\u00e9enne s\u2019il n\u2019obtient pas davantage d\u2019aide internationale. Ankara et l\u2019UE ont conclu en 2016 un accord qui pr\u00e9voyait le retour en Turquie de migrants entr\u00e9s ill\u00e9galement en Gr\u00e8ce en \u00e9change notamment d\u2019une aide financi\u00e8re de 6 milliards d\u2019euros de l\u2019UE \u00e0 Ankara.<\/p>\n<p class=\"rtejustify\">\u00abA ce jour l\u2019Union europ\u00e9enne a allou\u00e9 5,6 des 6 milliards d\u2019euros approuv\u00e9s\u00bb, a cependant r\u00e9pliqu\u00e9 une porte-parole de la Commission europ\u00e9enne, Natasha Bertaud. Tout en assurant que le reste sera vers\u00e9 prochainement.o<\/p>\n<p class=\"rtejustify\"><em>F. Z. T. avec agences<\/em><\/p>\n<p class=\"rtejustify\">\u00a0<\/p>\n<\/div>\n<p>Auteur: hlafriqi<br \/>\n<a href=\"https:\/\/www.leconomiste.com\/article\/1049930-syrie-patrouilles-conjointes-turco-americaines\">Cliquez ici pour lire l&rsquo;article depuis sa source.<\/a><\/p>\n","protected":false},"excerpt":{"rendered":"<p>Objectif: Mise en place d\u2019une zone tampon Ankara craint un afflux de migrants syriens Des v\u00e9hicules blind\u00e9s turcs et autant am\u00e9ricains\u2026 Ankara et Washington ont lanc\u00e9, hier dimanche, leur premi\u00e8re patrouille conjointe dans le nord-est de la Syrie. Une op\u00e9ration qui fait suite \u00e0 l\u2019accord conclu le mois dernier entre les deux pays. Celui-ci pr\u00e9voit [&hellip;]<\/p>\n","protected":false},"author":1763,"featured_media":0,"comment_status":"closed","ping_status":"closed","sticky":false,"template":"","format":"standard","meta":{"fifu_image_url":"","fifu_image_alt":"","footnotes":""},"categories":[78,54],"tags":[],"class_list":["post-60704","post","type-post","status-publish","format-standard","hentry","category-economie","category-maroc"],"_links":{"self":[{"href":"https:\/\/linitiative.ca\/International\/wp-json\/wp\/v2\/posts\/60704","targetHints":{"allow":["GET"]}}],"collection":[{"href":"https:\/\/linitiative.ca\/International\/wp-json\/wp\/v2\/posts"}],"about":[{"href":"https:\/\/linitiative.ca\/International\/wp-json\/wp\/v2\/types\/post"}],"author":[{"embeddable":true,"href":"https:\/\/linitiative.ca\/International\/wp-json\/wp\/v2\/users\/1763"}],"replies":[{"embeddable":true,"href":"https:\/\/linitiative.ca\/International\/wp-json\/wp\/v2\/comments?post=60704"}],"version-history":[{"count":0,"href":"https:\/\/linitiative.ca\/International\/wp-json\/wp\/v2\/posts\/60704\/revisions"}],"wp:attachment":[{"href":"https:\/\/linitiative.ca\/International\/wp-json\/wp\/v2\/media?parent=60704"}],"wp:term":[{"taxonomy":"category","embeddable":true,"href":"https:\/\/linitiative.ca\/International\/wp-json\/wp\/v2\/categories?post=60704"},{"taxonomy":"post_tag","embeddable":true,"href":"https:\/\/linitiative.ca\/International\/wp-json\/wp\/v2\/tags?post=60704"}],"curies":[{"name":"wp","href":"https:\/\/api.w.org\/{rel}","templated":true}]}}