{"id":60715,"date":"2019-09-10T15:14:27","date_gmt":"2019-09-10T19:14:27","guid":{"rendered":"https:\/\/linitiative.ca\/International\/equipe-dalgerie-ladversaire-sud-americain-des-verts-au-mois-doctobre-connu\/"},"modified":"2019-09-10T15:14:27","modified_gmt":"2019-09-10T19:14:27","slug":"equipe-dalgerie-ladversaire-sud-americain-des-verts-au-mois-doctobre-connu","status":"publish","type":"post","link":"https:\/\/linitiative.ca\/International\/equipe-dalgerie-ladversaire-sud-americain-des-verts-au-mois-doctobre-connu\/","title":{"rendered":"Equipe d&rsquo;Alg\u00e9rie : L\u2019adversaire sud-am\u00e9ricain des Verts au mois d\u2019octobre connu"},"content":{"rendered":"<div readability=\"32\">\n<p>Auteur : <span class=\"time\">mardi 10 septembre 2019 18:53<\/span><\/p>\n<\/div>\n<div id=\"post_core\" readability=\"37\">\n<p>La presse colombienne a r\u00e9v\u00e9l\u00e9 que sa s\u00e9lection va affronter l\u2019EN en amical au mois d\u2019octobre prochain. Selon la m\u00eame source toujours, cette rencontre aura lieu en France. Rappelons que le pr\u00e9sident de la FAF, Zetchi avait indiqu\u00e9 r\u00e9cemment que les Verts vont affronter une \u00e9quipe sud-am\u00e9ricaine au mois d\u2019octobre prochain.<\/p>\n<p><strong>Publi\u00e9 dans :<\/strong> <span>en<\/span><\/p>\n<\/div>\n<p>Auteur:<br \/>\n<a href=\"http:\/\/www.lebuteur.com\/article\/detail?titre=ladversaire-sud-americain-des-verts-au-mois-doctobre-connu&#038;id=91614&#038;utm_source=feedburner&#038;utm_medium=feed&#038;utm_campaign=Feed%3A+GalerieFArtciles+%28Les+derniers+articles++-+lebuteur.com%29\">Cliquez ici pour lire l&rsquo;article depuis sa source.<\/a><\/p>\n","protected":false},"excerpt":{"rendered":"<p>Auteur : mardi 10 septembre 2019 18:53 La presse colombienne a r\u00e9v\u00e9l\u00e9 que sa s\u00e9lection va affronter l\u2019EN en amical au mois d\u2019octobre prochain. Selon la m\u00eame source toujours, cette rencontre aura lieu en France. Rappelons que le pr\u00e9sident de la FAF, Zetchi avait indiqu\u00e9 r\u00e9cemment que les Verts vont affronter une \u00e9quipe sud-am\u00e9ricaine au [&hellip;]<\/p>\n","protected":false},"author":1738,"featured_media":60716,"comment_status":"closed","ping_status":"closed","sticky":false,"template":"","format":"standard","meta":{"fifu_image_url":"","fifu_image_alt":"","footnotes":""},"categories":[53,75],"tags":[],"class_list":["post-60715","post","type-post","status-publish","format-standard","has-post-thumbnail","hentry","category-algerie","category-sport"],"_links":{"self":[{"href":"https:\/\/linitiative.ca\/International\/wp-json\/wp\/v2\/posts\/60715","targetHints":{"allow":["GET"]}}],"collection":[{"href":"https:\/\/linitiative.ca\/International\/wp-json\/wp\/v2\/posts"}],"about":[{"href":"https:\/\/linitiative.ca\/International\/wp-json\/wp\/v2\/types\/post"}],"author":[{"embeddable":true,"href":"https:\/\/linitiative.ca\/International\/wp-json\/wp\/v2\/users\/1738"}],"replies":[{"embeddable":true,"href":"https:\/\/linitiative.ca\/International\/wp-json\/wp\/v2\/comments?post=60715"}],"version-history":[{"count":0,"href":"https:\/\/linitiative.ca\/International\/wp-json\/wp\/v2\/posts\/60715\/revisions"}],"wp:featuredmedia":[{"embeddable":true,"href":"https:\/\/linitiative.ca\/International\/wp-json\/"}],"wp:attachment":[{"href":"https:\/\/linitiative.ca\/International\/wp-json\/wp\/v2\/media?parent=60715"}],"wp:term":[{"taxonomy":"category","embeddable":true,"href":"https:\/\/linitiative.ca\/International\/wp-json\/wp\/v2\/categories?post=60715"},{"taxonomy":"post_tag","embeddable":true,"href":"https:\/\/linitiative.ca\/International\/wp-json\/wp\/v2\/tags?post=60715"}],"curies":[{"name":"wp","href":"https:\/\/api.w.org\/{rel}","templated":true}]}}