{"id":60717,"date":"2019-09-09T20:00:00","date_gmt":"2019-09-10T00:00:00","guid":{"rendered":"https:\/\/linitiative.ca\/International\/production-cerealiere-autosuffisance-en-ble-dur-et-orge\/"},"modified":"2019-09-09T20:00:00","modified_gmt":"2019-09-10T00:00:00","slug":"production-cerealiere-autosuffisance-en-ble-dur-et-orge","status":"publish","type":"post","link":"https:\/\/linitiative.ca\/International\/production-cerealiere-autosuffisance-en-ble-dur-et-orge\/","title":{"rendered":"Production c\u00e9r\u00e9ali\u00e8re :  Autosuffisance en bl\u00e9 dur et orge"},"content":{"rendered":"<p>La production c\u00e9r\u00e9ali\u00e8re pour la saison 2018-2019 d\u00e9passera largement les 60 millions de quintaux enregistr\u00e9s la saison derni\u00e8re, a r\u00e9v\u00e9l\u00e9, avant-hier, le ministre de l&rsquo;Agriculture, du D\u00e9veloppement rural et de la P\u00eache.<\/p>\n<div readability=\"76\">\n<p>Ch\u00e9rif Omari a qualifi\u00e9 cette production d\u2019\u00ab historique \u00bb et affirm\u00e9, lors de la r\u00e9union d&rsquo;installation de la commission nationale sectorielle charg\u00e9e de la pr\u00e9paration et du suivi de la campagne nationale de reboisement, qu\u2019elle a atteint un niveau \u00ab jamais \u00bb enregistr\u00e9 depuis l&rsquo;Ind\u00e9pendance.\u00a0<\/p>\n<p>L&rsquo;Office alg\u00e9rien interprofessionnel des c\u00e9r\u00e9ales (OAIC) a pu, \u00e0 travers les Coop\u00e9ratives de c\u00e9r\u00e9ales et l\u00e9gumes secs (CCLS), d\u00e9passer les hauts niveaux des stocks nationaux enregistr\u00e9s la saison derni\u00e8re, estim\u00e9s \u00e0 27 millions de quintaux.\u00a0<\/p>\n<p>Pour le ministre, les efforts des agriculteurs, qui ont r\u00e9ussi \u00e0 augmenter la production c\u00e9r\u00e9ali\u00e8re, permettront de \u00ab satisfaire \u00bb la demande nationale en mati\u00e8re de bl\u00e9 dur et d\u2019orge. A cet effet, l\u2019Alg\u00e9rie ne recourra pas \u00e0 l\u2019importation de ces deux types de c\u00e9r\u00e9ales. En revanche, l\u2019importation du bl\u00e9 tendre restera d\u2019actualit\u00e9, dans la mesure o\u00f9 la production nationale de ce produit ne satisfait pas la demande locale. \u00ab Le march\u00e9 alg\u00e9rien est suffisamment approvisionn\u00e9 en orge et tous les indicateurs rel\u00e8vent que le pays se passera de l\u2019importation de ce produit \u00bb, a-t-il indiqu\u00e9.<\/p>\n<p>Pour ce qui est de l\u2019importation du bl\u00e9 tendre, le ministre nous apprendra qu\u2019une \u00e9quipe d&rsquo;experts agricoles vient de lancer une \u00e9tude afin d&rsquo;identifier les voies \u00e0 m\u00eame de s&rsquo;affranchir de la d\u00e9pendance de l\u2019\u00e9tranger en mati\u00e8re de ce type de c\u00e9r\u00e9ale, notamment en \u00e9tendant la culture de cette c\u00e9r\u00e9ale au Sud, en revoyant le mode de consommation des citoyens et en mettant un terme \u00e0 la surconsommation et au gaspillage.\u00a0<\/p>\n<p>Dans sa d\u00e9claration \u00e0 la presse, Omari affirmera que son d\u00e9partement sera charg\u00e9 de la cr\u00e9ation d&rsquo;un conseil sp\u00e9cial destin\u00e9 \u00e0 la r\u00e9organisation de cette fili\u00e8re et \u00e0 la promotion de la production nationale. Cette cr\u00e9ation sera inscrite dans une feuille de route qui est actuellement en cours d\u2019\u00e9laboration, et ce, suite aux instructions donn\u00e9es par le Premier ministre, Noureddine Bedoui.<\/p>\n<p>Le gouvernement pr\u00e9voit \u00e9galement de mettre en avant plusieurs mesures de soutien et d\u2019accompagnement pour \u00ab consolider \u00bb la production nationale c\u00e9r\u00e9ali\u00e8re. Il est \u00e9galement indispensable d\u2019entreprendre des recherches scientifiques dans le domaine agricole en vue de d\u00e9velopper ce secteur porteur de richesse et garant de la souverainet\u00e9 nationale.<\/p>\n<p>Par ailleurs, une commission intersectorielle, qui englobe les secteurs de l&rsquo;Agriculture, des Finances, de l&rsquo;Industrie et du Commerce a \u00e9t\u00e9 install\u00e9e r\u00e9cemment, est charg\u00e9e de la r\u00e9gulation du march\u00e9 des c\u00e9r\u00e9ales et de l&rsquo;organisation de l&rsquo;activit\u00e9 des minoteries. Le ministre n&rsquo;a donn\u00e9 aucun chiffre sur la production nationale globale actuelle des c\u00e9r\u00e9ales, soulignant que les op\u00e9rations de collecte des r\u00e9coltes se poursuivent toujours.\u00a0<\/p>\n<p>Pour rappel, la valeur de la production agricole des c\u00e9r\u00e9ales a d\u00e9pass\u00e9 220 milliards DA en 2018 dont 141 milliards DA de bl\u00e9 dur, ce qui repr\u00e9sente 7,5 % de la production agricole globale du pays, offrant plus de 1,2 million de postes de travail. Plus de 600 exploitations agricoles activent dans la production c\u00e9r\u00e9ali\u00e8re sur une superficie de 3,5 millions d&rsquo;hectares, soit 41% de la superficie agricole utile.<\/p>\n<p>Mohamed Mendaci<\/p>\n<\/div>\n<p>Auteur: elmoudjahid<br \/>\n<a href=\"http:\/\/www.elmoudjahid.com\/fr\/actualites\/141829\">Cliquez ici pour lire l&rsquo;article depuis sa source.<\/a><\/p>\n","protected":false},"excerpt":{"rendered":"<p>La production c\u00e9r\u00e9ali\u00e8re pour la saison 2018-2019 d\u00e9passera largement les 60 millions de quintaux enregistr\u00e9s la saison derni\u00e8re, a r\u00e9v\u00e9l\u00e9, avant-hier, le ministre de l&rsquo;Agriculture, du D\u00e9veloppement rural et de la P\u00eache. Ch\u00e9rif Omari a qualifi\u00e9 cette production d\u2019\u00ab historique \u00bb et affirm\u00e9, lors de la r\u00e9union d&rsquo;installation de la commission nationale sectorielle charg\u00e9e de [&hellip;]<\/p>\n","protected":false},"author":1744,"featured_media":0,"comment_status":"closed","ping_status":"closed","sticky":false,"template":"","format":"standard","meta":{"fifu_image_url":"","fifu_image_alt":"","footnotes":""},"categories":[73,53],"tags":[],"class_list":["post-60717","post","type-post","status-publish","format-standard","hentry","category-actualite","category-algerie"],"_links":{"self":[{"href":"https:\/\/linitiative.ca\/International\/wp-json\/wp\/v2\/posts\/60717","targetHints":{"allow":["GET"]}}],"collection":[{"href":"https:\/\/linitiative.ca\/International\/wp-json\/wp\/v2\/posts"}],"about":[{"href":"https:\/\/linitiative.ca\/International\/wp-json\/wp\/v2\/types\/post"}],"author":[{"embeddable":true,"href":"https:\/\/linitiative.ca\/International\/wp-json\/wp\/v2\/users\/1744"}],"replies":[{"embeddable":true,"href":"https:\/\/linitiative.ca\/International\/wp-json\/wp\/v2\/comments?post=60717"}],"version-history":[{"count":0,"href":"https:\/\/linitiative.ca\/International\/wp-json\/wp\/v2\/posts\/60717\/revisions"}],"wp:attachment":[{"href":"https:\/\/linitiative.ca\/International\/wp-json\/wp\/v2\/media?parent=60717"}],"wp:term":[{"taxonomy":"category","embeddable":true,"href":"https:\/\/linitiative.ca\/International\/wp-json\/wp\/v2\/categories?post=60717"},{"taxonomy":"post_tag","embeddable":true,"href":"https:\/\/linitiative.ca\/International\/wp-json\/wp\/v2\/tags?post=60717"}],"curies":[{"name":"wp","href":"https:\/\/api.w.org\/{rel}","templated":true}]}}