{"id":60718,"date":"2019-09-09T20:00:00","date_gmt":"2019-09-10T00:00:00","guid":{"rendered":"https:\/\/linitiative.ca\/International\/complexe-del-hadjar-renforcer-lapprovisionnement-en-minerai-de-fer\/"},"modified":"2019-09-09T20:00:00","modified_gmt":"2019-09-10T00:00:00","slug":"complexe-del-hadjar-renforcer-lapprovisionnement-en-minerai-de-fer","status":"publish","type":"post","link":"https:\/\/linitiative.ca\/International\/complexe-del-hadjar-renforcer-lapprovisionnement-en-minerai-de-fer\/","title":{"rendered":"Complexe d\u2019El-Hadjar :  Renforcer l\u2019approvisionnement en minerai de fer"},"content":{"rendered":"<p>Plusieurs mesures ont \u00e9t\u00e9 d\u00e9cid\u00e9es pour renforcer, depuis hier, l&rsquo;approvisionnement en minerai de fer du complexe sid\u00e9rurgique d&rsquo;El Hadjar (Annaba), annonce le minist\u00e8re de l&rsquo;Industrie et des Mines, dans un communiqu\u00e9. Lors d&rsquo;une r\u00e9union pr\u00e9sid\u00e9e dimanche par la ministre de l&rsquo;Industrie et des Mines, Mme Djamila Tamazirt, et regroupant les responsables des groupes Imetal, Sider Annaba et MANAL ainsi que les repr\u00e9sentants du minist\u00e8re des Transports et des Travaux publics, il a \u00e9t\u00e9 notamment d\u00e9cid\u00e9 la mise en place, d\u00e8s hier, des moyens et de la logistique n\u00e9cessaires pour augmenter la cadence des approvisionnements du complexe en minerai de fer \u00e0 partir des mines d&rsquo;Ouenza et Boukhadra et constituer les stocks pour alimenter le complexe.\u00a0<\/p>\n<p>Les participants \u00e0 la r\u00e9union ont \u00e9galement d\u00e9cid\u00e9 le renforcement des moyens de transport par la contribution de la SNTF et tendre vers une navette de quatre rames\/j et la SNTR, \u00e0 raison de 50 camions\/j, pour acheminer le minerai de fer vers le complexe et maintenir des niveaux de stocks ad\u00e9quats, selon le communiqu\u00e9. Cela permettra de r\u00e9gler les probl\u00e8mes li\u00e9s \u00e0 l&rsquo;acc\u00e8s au niveau des mines de Ouenza et Boukhadra et l\u2019am\u00e9nagement d&rsquo;espaces suppl\u00e9mentaires de stockage au niveau du complexe, a poursuivi la m\u00eame source. A cet effet, un comit\u00e9 de suivi, regroupant tous les intervenants, a \u00e9t\u00e9 mis en place pour prendre en charge les aspects li\u00e9s \u00e0 l\u2019approvisionnement en minerai de fer, le transport et la mise en place de la logistique n\u00e9cessaire au niveau du complexe et des mines. Le comit\u00e9 mettra en place un dispositif de suivi des stocks de minerai pour \u00e9viter des situations similaires, souligne le minist\u00e8re. Apr\u00e8s six jours d\u2019arr\u00eat, d\u00fb \u00e0 la baisse de stocks de fer brut \u00e0 un niveau ne permettant pas la poursuite de son activit\u00e9, suite \u00e0 des probl\u00e8mes techniques, le haut fourneau du complexe Sider El-Hadjar a \u00e9t\u00e9 remis en marche dimanche apr\u00e8s l&rsquo;acheminement de minerai de fer vers le complexe qui atteindra les 120.000 T dans une premi\u00e8re phase, rappelle la m\u00eame source.\u00a0<\/p>\n<p>Ainsi, la r\u00e9union, qui a permis de faire le point de situation qui pr\u00e9vaut dans le complexe, a d\u00e9gag\u00e9 une feuille de route qui offre une prise en charge r\u00e9elle et effective de tous les aspects permettant un niveau de production optimal pour le complexe. La ministre a insist\u00e9 sur l&rsquo;importance du complexe El-Hadjar pour l&rsquo;\u00e9conomie nationale, en rappelant les efforts consentis par les pouvoirs publics pour la modernisation et la r\u00e9habilitation de ces installations dont la sauvegarde requiert une collaboration \u00e9troite entre les diff\u00e9rents intervenants pour le bon fonctionnement de ce complexe, indique la m\u00eame source. Mme Tamazirt a ainsi incit\u00e9 les diff\u00e9rentes parties \u00e0 travailler en \u00e9troite coordination, dans un cadre de rigueur afin de permettre au complexe de retrouver des niveaux de production n\u00e9cessaires pour la satisfaction de la demande nationale et son positionnement sur le march\u00e9 de l&rsquo;export, ajoute le communiqu\u00e9.<\/p>\n<p>Auteur: elmoudjahid<br \/>\n<a href=\"http:\/\/www.elmoudjahid.com\/fr\/actualites\/141830\">Cliquez ici pour lire l&rsquo;article depuis sa source.<\/a><\/p>\n","protected":false},"excerpt":{"rendered":"<p>Plusieurs mesures ont \u00e9t\u00e9 d\u00e9cid\u00e9es pour renforcer, depuis hier, l&rsquo;approvisionnement en minerai de fer du complexe sid\u00e9rurgique d&rsquo;El Hadjar (Annaba), annonce le minist\u00e8re de l&rsquo;Industrie et des Mines, dans un communiqu\u00e9. Lors d&rsquo;une r\u00e9union pr\u00e9sid\u00e9e dimanche par la ministre de l&rsquo;Industrie et des Mines, Mme Djamila Tamazirt, et regroupant les responsables des groupes Imetal, Sider [&hellip;]<\/p>\n","protected":false},"author":1744,"featured_media":0,"comment_status":"closed","ping_status":"closed","sticky":false,"template":"","format":"standard","meta":{"fifu_image_url":"","fifu_image_alt":"","footnotes":""},"categories":[73,53],"tags":[],"class_list":["post-60718","post","type-post","status-publish","format-standard","hentry","category-actualite","category-algerie"],"_links":{"self":[{"href":"https:\/\/linitiative.ca\/International\/wp-json\/wp\/v2\/posts\/60718","targetHints":{"allow":["GET"]}}],"collection":[{"href":"https:\/\/linitiative.ca\/International\/wp-json\/wp\/v2\/posts"}],"about":[{"href":"https:\/\/linitiative.ca\/International\/wp-json\/wp\/v2\/types\/post"}],"author":[{"embeddable":true,"href":"https:\/\/linitiative.ca\/International\/wp-json\/wp\/v2\/users\/1744"}],"replies":[{"embeddable":true,"href":"https:\/\/linitiative.ca\/International\/wp-json\/wp\/v2\/comments?post=60718"}],"version-history":[{"count":0,"href":"https:\/\/linitiative.ca\/International\/wp-json\/wp\/v2\/posts\/60718\/revisions"}],"wp:attachment":[{"href":"https:\/\/linitiative.ca\/International\/wp-json\/wp\/v2\/media?parent=60718"}],"wp:term":[{"taxonomy":"category","embeddable":true,"href":"https:\/\/linitiative.ca\/International\/wp-json\/wp\/v2\/categories?post=60718"},{"taxonomy":"post_tag","embeddable":true,"href":"https:\/\/linitiative.ca\/International\/wp-json\/wp\/v2\/tags?post=60718"}],"curies":[{"name":"wp","href":"https:\/\/api.w.org\/{rel}","templated":true}]}}