{"id":60720,"date":"2019-09-10T08:43:42","date_gmt":"2019-09-10T12:43:42","guid":{"rendered":"https:\/\/linitiative.ca\/International\/94228-tennis-coupe-davis-2019-l-algerie-avec-quatre-representants-a-nairobi\/"},"modified":"2019-09-10T08:43:42","modified_gmt":"2019-09-10T12:43:42","slug":"94228-tennis-coupe-davis-2019-l-algerie-avec-quatre-representants-a-nairobi","status":"publish","type":"post","link":"https:\/\/linitiative.ca\/International\/94228-tennis-coupe-davis-2019-l-algerie-avec-quatre-representants-a-nairobi\/","title":{"rendered":"Tennis \/ Coupe Davis 2019 : l&rsquo;Alg\u00e9rie avec quatre repr\u00e9sentants \u00e0 Nairobi"},"content":{"rendered":"<div>\n<div class=\"K2FeedImage\"><img decoding=\"async\" src=\"http:\/\/www.aps.dz\/media\/k2\/items\/cache\/830fbb4bd11d67809906e8b2a2a9e5a2_S.jpg\" alt=\"Tennis \/ Coupe Davis 2019 : l'Alg\u00e9rie avec quatre repr\u00e9sentants \u00e0 Nairobi\"><\/div>\n<div class=\"K2FeedIntroText\">\n<p><strong>ALGER &#8211; Quatre tennismen repr\u00e9senteront l&rsquo;Alg\u00e9rie \u00e0 la Coupe Davis 2019, pr\u00e9vue du 11 au 14 septembre courant \u00e0 Nairobi (Kenya), a-t-on appris mercredi aupr\u00e8s de la F\u00e9d\u00e9ration alg\u00e9rienne de le discipline (FAT).<\/strong><\/p>\n<\/div>\n<div class=\"K2FeedFullText\">\n<p>Il s&rsquo;agit de Mohamed Hassan, Youcef Rihane, Samir Hamza Reguig et Nazim Makhlouf, encadr\u00e9s par le capitaine d&rsquo;\u00e9quipe Mohamed Bouchabou, a encore d\u00e9taill\u00e9 l&rsquo;instance f\u00e9d\u00e9rale dans un bref communiqu\u00e9.<\/p>\n<p>Outre l&rsquo;Alg\u00e9rie, sept autres nations sont engag\u00e9es dans le Groupe 3 de cette Coupe Davis 2019, \u00e0 savoir : B\u00e9nin, Kenya, Madagascar, Mozambique, Namibie, Nig\u00e9ria et Tunisie.<\/p>\n<p>Ces pays seront repartis en deux Poules (A et B). Le vainqueur de la Poule \u00ab\u00a0A\u00a0\u00bb jouera face au second de la Poule \u00ab\u00a0B\u00a0\u00bb, tandis que le leader de la Poule \u00ab\u00a0B\u00a0\u00bb affrontera le second de la Poule \u00ab\u00a0A\u00a0\u00bb. Apr\u00e8s quoi, les deux vainqueurs acc\u00e9deront au Groupe 2 de la zone Europe &#8211; Afrique, en 2020.<\/p>\n<p>La D\u00e9l\u00e9gation alg\u00e9rienne est conduite au Kenya par Mr Hocine Cheghib, membre du Bureau f\u00e9d\u00e9ral de la FAT.<\/p>\n<\/div>\n<p><img loading=\"lazy\" decoding=\"async\" src=\"http:\/\/feeds.feedburner.com\/~r\/aps-sport\/~4\/HCTQYmbhbOc\" height=\"1\" width=\"1\" alt=\"\"><\/div>\n<p>Auteur:<br \/>\n<a href=\"http:\/\/www.aps.dz\/sport\/94228-tennis-coupe-davis-2019-l-algerie-avec-quatre-representants-a-nairobi?utm_source=feedburner&#038;utm_medium=feed&#038;utm_campaign=Feed%3A+aps-sport+%28APS+-+SPORT%29\">Cliquez ici pour lire l&rsquo;article depuis sa source.<\/a><\/p>\n","protected":false},"excerpt":{"rendered":"<p>ALGER &#8211; Quatre tennismen repr\u00e9senteront l&rsquo;Alg\u00e9rie \u00e0 la Coupe Davis 2019, pr\u00e9vue du 11 au 14 septembre courant \u00e0 Nairobi (Kenya), a-t-on appris mercredi aupr\u00e8s de la F\u00e9d\u00e9ration alg\u00e9rienne de le discipline (FAT). Il s&rsquo;agit de Mohamed Hassan, Youcef Rihane, Samir Hamza Reguig et Nazim Makhlouf, encadr\u00e9s par le capitaine d&rsquo;\u00e9quipe Mohamed Bouchabou, a encore [&hellip;]<\/p>\n","protected":false},"author":1790,"featured_media":60721,"comment_status":"closed","ping_status":"closed","sticky":false,"template":"","format":"standard","meta":{"fifu_image_url":"","fifu_image_alt":"","footnotes":""},"categories":[53,75],"tags":[],"class_list":["post-60720","post","type-post","status-publish","format-standard","has-post-thumbnail","hentry","category-algerie","category-sport"],"_links":{"self":[{"href":"https:\/\/linitiative.ca\/International\/wp-json\/wp\/v2\/posts\/60720","targetHints":{"allow":["GET"]}}],"collection":[{"href":"https:\/\/linitiative.ca\/International\/wp-json\/wp\/v2\/posts"}],"about":[{"href":"https:\/\/linitiative.ca\/International\/wp-json\/wp\/v2\/types\/post"}],"author":[{"embeddable":true,"href":"https:\/\/linitiative.ca\/International\/wp-json\/wp\/v2\/users\/1790"}],"replies":[{"embeddable":true,"href":"https:\/\/linitiative.ca\/International\/wp-json\/wp\/v2\/comments?post=60720"}],"version-history":[{"count":0,"href":"https:\/\/linitiative.ca\/International\/wp-json\/wp\/v2\/posts\/60720\/revisions"}],"wp:featuredmedia":[{"embeddable":true,"href":"https:\/\/linitiative.ca\/International\/wp-json\/"}],"wp:attachment":[{"href":"https:\/\/linitiative.ca\/International\/wp-json\/wp\/v2\/media?parent=60720"}],"wp:term":[{"taxonomy":"category","embeddable":true,"href":"https:\/\/linitiative.ca\/International\/wp-json\/wp\/v2\/categories?post=60720"},{"taxonomy":"post_tag","embeddable":true,"href":"https:\/\/linitiative.ca\/International\/wp-json\/wp\/v2\/tags?post=60720"}],"curies":[{"name":"wp","href":"https:\/\/api.w.org\/{rel}","templated":true}]}}