{"id":60722,"date":"2019-09-10T09:07:19","date_gmt":"2019-09-10T13:07:19","guid":{"rendered":"https:\/\/linitiative.ca\/International\/94230-athletisme-championnats-du-monde-2019-l-algerien-makhloufi-va-s-aligner-sur-le-1500-m-a-doha\/"},"modified":"2019-09-10T09:07:19","modified_gmt":"2019-09-10T13:07:19","slug":"94230-athletisme-championnats-du-monde-2019-l-algerien-makhloufi-va-s-aligner-sur-le-1500-m-a-doha","status":"publish","type":"post","link":"https:\/\/linitiative.ca\/International\/94230-athletisme-championnats-du-monde-2019-l-algerien-makhloufi-va-s-aligner-sur-le-1500-m-a-doha\/","title":{"rendered":"Athl\u00e9tisme-Championnats du monde 2019 : l&rsquo;Alg\u00e9rien Makhloufi va s&rsquo;aligner sur le 1500 m"},"content":{"rendered":"<div>\n<div class=\"K2FeedImage\"><img decoding=\"async\" src=\"http:\/\/www.aps.dz\/media\/k2\/items\/cache\/9b199bb91f4cb83842ada5322e250c69_S.jpg\" alt=\"Athl\u00e9tisme-Championnats du monde 2019 : l'Alg\u00e9rien Makhloufi va s'aligner sur le 1500 m\"><\/div>\n<div class=\"K2FeedIntroText\">\n<p>\u00a0<\/p>\n<p><strong>ALGER &#8211; Le double m\u00e9daill\u00e9 d&rsquo;argent aux Jeux olympiques Rio 2016, l&rsquo;Alg\u00e9rien Taoufik Makhloufi a d\u00e9cid\u00e9 de courir uniquement le 1500 m, sa distance de pr\u00e9dilection, aux championnats du monde d&rsquo;athl\u00e9tisme de Doha (Qatar) pr\u00e9vus du 27 septembre au 6 octobre prochain, a t-il r\u00e9v\u00e9l\u00e9 \u00e0 l&rsquo;APS.<\/strong><\/p>\n<\/div>\n<div class=\"K2FeedFullText\">\n<p>\u00a0\u00bb Je vais courir uniquement le 1500 m aux championnats du monde 2019 de Doha. J&rsquo;ai pris cette d\u00e9cision en concertation avec mon entraineur fran\u00e7ais Philippe Dupont. La performance que j&rsquo;ai r\u00e9alis\u00e9e sur 1500 m lors du meeting de Paris m&rsquo;a encourag\u00e9 \u00e0 opter pour cette distance aux prochains mondiaux. En plus, physiquement je ne suis pas pr\u00eat \u00e0 100% pour m&rsquo;aligner sur le 800 et le 1500 m\u00a0\u00bb a d\u00e9clar\u00e9 Makhloufi \u00e0 l&rsquo;APS.<\/p>\n<p>Au meeting de Paris, comptant pour la Ligue de diamant, disput\u00e9 le 24 ao\u00fbt dernier, le natif de Souk Ahras, avait r\u00e9alis\u00e9 une belle performance sur le 1500 m en parcourant la distance en 3:31.77, soit l&rsquo;un des sept meilleurs chronos mondiaux de la saison.<\/p>\n<p>\u00a0\u00bb Apr\u00e8s\u00a0 trois ans d&rsquo;absence \u00e0 cause de blessures, j&rsquo;\u00e9tais agr\u00e9ablement surpris par ma performance \u00e0 Paris. Gr\u00e2ce \u00e0 ce chrono, je peux dire que j&rsquo;ai r\u00e9ussi mon objectif pour cette ann\u00e9e, qui est, pour moi, celle de la transition en vue des Jeux olympiques 2020 \u00e0 Tokyo lesquels demeurent l&rsquo;objectif principal pour moi\u00a0\u00bb a estim\u00e9 le m\u00e9daill\u00e9 d&rsquo;or du 1500 m aux JO Londres 2012.<\/p>\n<p>\u00a0Apr\u00e8s une longue absence des pistes, Makhloufi avait effectu\u00e9 son retour \u00e0 la comp\u00e9tition le 16 juillet dernier, \u00e0 l&rsquo;occasion du Meeting international de Sotteville-l\u00e8s-Rouen (France), o\u00f9 il avait pris la deuxi\u00e8me place sur le 800 m\u00e8tres, avec un chrono de 1:46.33.<\/p>\n<p>Il avait encha\u00een\u00e9 le 20 juillet avec le Meeting international d&rsquo;Heusden Zolder (Belgique) avec une deuxi\u00e8me place en 1:45.33, r\u00e9alisant par la m\u00eame occasion les minima de participation aux prochains Mondiaux.<\/p>\n<p>Interrog\u00e9 sur ses chances au rendez-vous de Doha, Makhloufi, qui devrait se rendre ce jeudi en France pour peaufiner sa pr\u00e9paration, a\u00a0 r\u00e9pondu qu&rsquo;il va g\u00e9rer la comp\u00e9tition avec intelligence mais pas dans la peau du favori.<\/p>\n<hr>\n<p><a href=\"http:\/\/www.aps.dz\/sport\/94016-athletisme-meeting-de-zagreb-800m-l-algerien-makhloufi-a-la-4e-place-en-1-45-54\">Lire aussi :\u00a0Athl\u00e9tisme \/ Meeting de Zagreb (800m) : l&rsquo;Alg\u00e9rien Makhloufi \u00e0 la 4e place, en 1:45.54<\/a><\/p>\n<hr>\n<blockquote>\n<p><em><strong>\u00ab\u00a0Je vais g\u00e9rer la comp\u00e9tition course par course jusqu&rsquo;\u00e0 la finale inchallah. Sinc\u00e8rement, je ne suis pas le grand favori pour la victoire finale. Je serais l&rsquo;outsider. Il y a beaucoup de pr\u00e9tendants au sacre notamment des Kenyans. Je ne suis pas tr\u00e8s loin des meilleurs cette saison. Je vais faire le maximum pour d\u00e9fendre mon statut de champion et surtout faire honneur aux couleurs nationales. Je vais me donner \u00e0 fond pour r\u00e9aliser le meilleur r\u00e9sultat positif \u00e0 Doha, tout en sachant que c&rsquo;est une ann\u00e9e de transition pour moi en pr\u00e9lude des JO 2020\u00a0\u00bb a-t-il affirm\u00e9.<\/strong><\/em><\/p>\n<\/blockquote>\n<p>En pr\u00e9vision de ces mondiaux, le demi-fondiste alg\u00e9rien va effectuer son dernier stage bloqu\u00e9 en France sous les ordres de son entraineur pour \u00eatre pr\u00eat pour le jour J.<\/p>\n<p>\u00ab\u00a0Je vais poursuivre ma pr\u00e9paration en France avec un stage de trois semaines avant de me rendre au Qatar le 28 ou 29 septembre prochains pour m&rsquo;acclimater sur place aux conditions. Sinc\u00e8rement, je suis motiv\u00e9 et d\u00e9cid\u00e9 \u00e0 faire le maximum, je suis positif, je vois loin et chaque chose \u00e0 son temps\u00a0\u00bb a-t-il dit.\u00a0<\/p>\n<p>Par ailleurs, Makhloufi a tenu \u00e0 saisir cette occasion pour f\u00e9liciter les athl\u00e8tes alg\u00e9riens ayant brill\u00e9 aux Jeux Africains Rabat-2019.\u00a0\u00bbJe f\u00e9licite tous les athl\u00e8tes alg\u00e9riens qui ont r\u00e9alis\u00e9 de belles performances au Maroc. Personnellement, j&rsquo;ai commenc\u00e9 par briller en Afrique avant de conna\u00eetre la gloire au niveau mondial. Je suis fier d&rsquo;eux et j&rsquo;esp\u00e8re qu&rsquo;ils vont continuer sur leur lanc\u00e9e. J&rsquo;encourage \u00e9galement les jeunes alg\u00e9riens \u00e0 pers\u00e9v\u00e9rer et faire des sacrifices pour r\u00e9ussir dans la vie et atteindre leur objectif dans la vie \u00a0\u00bb a t-il conclu.<\/p>\n<\/div>\n<p><img loading=\"lazy\" decoding=\"async\" src=\"http:\/\/feeds.feedburner.com\/~r\/aps-sport\/~4\/LHKQt3Q_hp4\" height=\"1\" width=\"1\" alt=\"\"><\/div>\n<p>Auteur:<br \/>\n<a href=\"http:\/\/www.aps.dz\/sport\/94230-athletisme-championnats-du-monde-2019-l-algerien-makhloufi-va-s-aligner-sur-le-1500-m-a-doha?utm_source=feedburner&#038;utm_medium=feed&#038;utm_campaign=Feed%3A+aps-sport+%28APS+-+SPORT%29\">Cliquez ici pour lire l&rsquo;article depuis sa source.<\/a><\/p>\n","protected":false},"excerpt":{"rendered":"<p>\u00a0 ALGER &#8211; Le double m\u00e9daill\u00e9 d&rsquo;argent aux Jeux olympiques Rio 2016, l&rsquo;Alg\u00e9rien Taoufik Makhloufi a d\u00e9cid\u00e9 de courir uniquement le 1500 m, sa distance de pr\u00e9dilection, aux championnats du monde d&rsquo;athl\u00e9tisme de Doha (Qatar) pr\u00e9vus du 27 septembre au 6 octobre prochain, a t-il r\u00e9v\u00e9l\u00e9 \u00e0 l&rsquo;APS. \u00a0\u00bb Je vais courir uniquement le 1500 [&hellip;]<\/p>\n","protected":false},"author":1790,"featured_media":60723,"comment_status":"closed","ping_status":"closed","sticky":false,"template":"","format":"standard","meta":{"fifu_image_url":"","fifu_image_alt":"","footnotes":""},"categories":[53,75],"tags":[],"class_list":["post-60722","post","type-post","status-publish","format-standard","has-post-thumbnail","hentry","category-algerie","category-sport"],"_links":{"self":[{"href":"https:\/\/linitiative.ca\/International\/wp-json\/wp\/v2\/posts\/60722","targetHints":{"allow":["GET"]}}],"collection":[{"href":"https:\/\/linitiative.ca\/International\/wp-json\/wp\/v2\/posts"}],"about":[{"href":"https:\/\/linitiative.ca\/International\/wp-json\/wp\/v2\/types\/post"}],"author":[{"embeddable":true,"href":"https:\/\/linitiative.ca\/International\/wp-json\/wp\/v2\/users\/1790"}],"replies":[{"embeddable":true,"href":"https:\/\/linitiative.ca\/International\/wp-json\/wp\/v2\/comments?post=60722"}],"version-history":[{"count":0,"href":"https:\/\/linitiative.ca\/International\/wp-json\/wp\/v2\/posts\/60722\/revisions"}],"wp:featuredmedia":[{"embeddable":true,"href":"https:\/\/linitiative.ca\/International\/wp-json\/"}],"wp:attachment":[{"href":"https:\/\/linitiative.ca\/International\/wp-json\/wp\/v2\/media?parent=60722"}],"wp:term":[{"taxonomy":"category","embeddable":true,"href":"https:\/\/linitiative.ca\/International\/wp-json\/wp\/v2\/categories?post=60722"},{"taxonomy":"post_tag","embeddable":true,"href":"https:\/\/linitiative.ca\/International\/wp-json\/wp\/v2\/tags?post=60722"}],"curies":[{"name":"wp","href":"https:\/\/api.w.org\/{rel}","templated":true}]}}