{"id":60724,"date":"2019-09-10T09:37:31","date_gmt":"2019-09-10T13:37:31","guid":{"rendered":"https:\/\/linitiative.ca\/International\/94233-le-retour-a-la-normale-reussi-les-verts-peuvent-desormais-se-tourner-vers-l-avenir\/"},"modified":"2019-09-10T09:37:31","modified_gmt":"2019-09-10T13:37:31","slug":"94233-le-retour-a-la-normale-reussi-les-verts-peuvent-desormais-se-tourner-vers-l-avenir","status":"publish","type":"post","link":"https:\/\/linitiative.ca\/International\/94233-le-retour-a-la-normale-reussi-les-verts-peuvent-desormais-se-tourner-vers-l-avenir\/","title":{"rendered":"Le retour \u00e0 la normale r\u00e9ussi, les Verts peuvent d\u00e9sormais se tourner vers l&rsquo;avenir"},"content":{"rendered":"<div>\n<div class=\"K2FeedImage\"><img decoding=\"async\" src=\"http:\/\/www.aps.dz\/media\/k2\/items\/cache\/c097dbd428036e6bbf03be51d5b436bc_S.jpg\" alt=\"Le retour \u00e0 la normale r\u00e9ussi, les Verts peuvent d\u00e9sormais se tourner vers l'avenir\"><\/div>\n<div class=\"K2FeedIntroText\">\n<p><strong>ALGER- La victoire contre le B\u00e9nin (1-0), en match amical disput\u00e9 lundi soir au stade du 5-Juillet (Alger), a permis \u00e0 la s\u00e9lection alg\u00e9rienne de football de d\u00e9compresser apr\u00e8s son sacre en Coupe d&rsquo;Afrique des nations (CAN-2019), retrouvant ainsi des conditions psychologiques optimales, susceptibles de l&rsquo;aider \u00e0 faire face au dur calendrier \u00e0 venir.<\/strong><\/p>\n<\/div>\n<div class=\"K2FeedFullText\">\n<p>L&rsquo;exploit r\u00e9ussi le 19 juillet dernier au Caire (Egypte) \u00e9tait tel que \u00ab\u00a0la s\u00e9lection nationale avait toujours du mal \u00e0 \u00e9vacuer son euphorie\u00a0\u00bb comme l&rsquo;avait expliqu\u00e9 le coach Djamel Belmadi, consid\u00e9rant au passage que cet exc\u00e8s de confiance pouvait se r\u00e9percuter n\u00e9gativement sur le rendement de l&rsquo;EN lors des \u00e9ch\u00e9ances \u00e0 venir.<\/p>\n<blockquote>\n<p><em><strong>\u00ab\u00a0Ce match amical contre le B\u00e9nin \u00e9tait indispensable pour nous aider \u00e0 redescendre sur terre et nous remettre en condition pour r\u00e9pondre pr\u00e9sents d\u00e8s le mois prochain\u00a0\u00bb a expliqu\u00e9 le s\u00e9lectionneur national en conf\u00e9rence de presse.<\/strong><\/em><\/p>\n<\/blockquote>\n<p>En effet, d\u00e8s le mois d&rsquo;octobre, Les Verts seront appel\u00e9s \u00e0 disputer deux matchs amicaux, dont un contre \u00ab\u00a0une s\u00e9lection sud-am\u00e9ricaine\u00a0\u00bb, selon le pr\u00e9sident de la FAF, Kheireddine Zetchi.<\/p>\n<hr>\n<h3 class=\"allmode-title\"><span style=\"color: #000000;\">Lire aussi<\/span>:\u00a0<a href=\"http:\/\/www.aps.dz\/sport\/94218-football-les-champions-d-afrique-reussissent-leur-sortie-amicale-face-au-benin\">Football : Les champions d&rsquo;Afrique r\u00e9ussissent leur sortie amicale face au B\u00e9nin<\/a><\/h3>\n<hr>\n<p>Par la suite, et d\u00e8s le d\u00e9but du mois de novembre, les choses s\u00e9rieuses vont commencer, puisque la s\u00e9lection alg\u00e9rienne sera appel\u00e9e \u00e0 disputer son premier match officiel, dans le cadre des \u00e9liminatoires de la CAN-2021.<\/p>\n<p>Ce sera contre le Botswana, dirig\u00e9 par l&rsquo;Alg\u00e9rien Adel Amrouche, qui avait dirig\u00e9 plusieurs s\u00e9lections africaines, dont le Kenya, le Burundi et la Libye.<\/p>\n<p>M\u00eame s&rsquo;il s&rsquo;est dit \u00ab\u00a0tr\u00e8s satisfait\u00a0\u00bb du rendement de ses joueurs lors du\u00a0 match amical face au B\u00e9nin, Belmadi a assur\u00e9 que \u00ab\u00a0certains aspects techniques\u00a0\u00bb devront quand m\u00eame \u00ab\u00a0\u00eatre perfectionn\u00e9s\u00a0\u00bb pour permettre aux Verts de rester comp\u00e9titifs au plus haut niveau, notamment, l&rsquo;efficacit\u00e9 offensive.<\/p>\n<blockquote>\n<p><em><strong>\u00ab\u00a0Nous nous sommes procur\u00e9s un tr\u00e8s grand nombre d&rsquo;occasions contre le B\u00e9nin, mais seule une d&rsquo;entre elles a pu \u00eatre concr\u00e9tis\u00e9e. Il est donc n\u00e9cessaire de se pencher sur cet aspect, pour rendre l&rsquo;\u00e9quipe plus performante et par cons\u00e9quent, capable d&rsquo;atteindre ses prochains objectifs\u00a0\u00bb a esp\u00e9r\u00e9 l&rsquo;ancien Marseillais.<\/strong><\/em><\/p>\n<\/blockquote>\n<p>Autre chantier qui attend Belmadi, une importante op\u00e9ration de prospection, pour d\u00e9nicher une nouvelle p\u00e9pite en d\u00e9fense centrale, susceptible de combler le vide laiss\u00e9 par les d\u00e9parts en retraite de Carl Medjani et Rafik Halliche.<\/p>\n<p>Il est vrai que certains d\u00e9fenseurs exp\u00e9riment\u00e9s comme Youcef Benayada (27 ans) et Farouk Chafa\u00ef (29 ans) peuvent satisfaire cette demande dans l&rsquo;imm\u00e9diat, mais Belmadi serait plus \u00e0 la recherche d&rsquo;un jeune talent, qui aurait encore de belles ann\u00e9es devant lui.<\/p>\n<p>Quoique, m\u00eame si cela est le cas, il fera ses d\u00e9but en s\u00e9lection comme doublure, car Belmadi s&rsquo;est dit tellement satisfait du rendement de son onze-type habituel qu&rsquo;il n&rsquo;a pas l&rsquo;intention d&rsquo;y op\u00e9rer le moindre changement.<\/p>\n<blockquote>\n<p><em><strong>\u00ab\u00a0Si un joueur fait bien son job, pourquoi le changer ? Les titulaires actuels me donnent enti\u00e8re satisfaction et \u00e0 partir de l\u00e0, je ne peux que continuer \u00e0 leur faire confiance\u00a0\u00bb a assur\u00e9 l&rsquo;entra\u00eeneur des Verts.<\/strong><\/em><\/p>\n<\/blockquote>\n<\/div>\n<p><img loading=\"lazy\" decoding=\"async\" src=\"http:\/\/feeds.feedburner.com\/~r\/aps-sport\/~4\/G1fl5ZovxdE\" height=\"1\" width=\"1\" alt=\"\"><\/div>\n<p>Auteur:<br \/>\n<a href=\"http:\/\/www.aps.dz\/sport\/94233-le-retour-a-la-normale-reussi-les-verts-peuvent-desormais-se-tourner-vers-l-avenir?utm_source=feedburner&#038;utm_medium=feed&#038;utm_campaign=Feed%3A+aps-sport+%28APS+-+SPORT%29\">Cliquez ici pour lire l&rsquo;article depuis sa source.<\/a><\/p>\n","protected":false},"excerpt":{"rendered":"<p>ALGER- La victoire contre le B\u00e9nin (1-0), en match amical disput\u00e9 lundi soir au stade du 5-Juillet (Alger), a permis \u00e0 la s\u00e9lection alg\u00e9rienne de football de d\u00e9compresser apr\u00e8s son sacre en Coupe d&rsquo;Afrique des nations (CAN-2019), retrouvant ainsi des conditions psychologiques optimales, susceptibles de l&rsquo;aider \u00e0 faire face au dur calendrier \u00e0 venir. L&rsquo;exploit [&hellip;]<\/p>\n","protected":false},"author":1790,"featured_media":60725,"comment_status":"closed","ping_status":"closed","sticky":false,"template":"","format":"standard","meta":{"fifu_image_url":"","fifu_image_alt":"","footnotes":""},"categories":[53,75],"tags":[],"class_list":["post-60724","post","type-post","status-publish","format-standard","has-post-thumbnail","hentry","category-algerie","category-sport"],"_links":{"self":[{"href":"https:\/\/linitiative.ca\/International\/wp-json\/wp\/v2\/posts\/60724","targetHints":{"allow":["GET"]}}],"collection":[{"href":"https:\/\/linitiative.ca\/International\/wp-json\/wp\/v2\/posts"}],"about":[{"href":"https:\/\/linitiative.ca\/International\/wp-json\/wp\/v2\/types\/post"}],"author":[{"embeddable":true,"href":"https:\/\/linitiative.ca\/International\/wp-json\/wp\/v2\/users\/1790"}],"replies":[{"embeddable":true,"href":"https:\/\/linitiative.ca\/International\/wp-json\/wp\/v2\/comments?post=60724"}],"version-history":[{"count":0,"href":"https:\/\/linitiative.ca\/International\/wp-json\/wp\/v2\/posts\/60724\/revisions"}],"wp:featuredmedia":[{"embeddable":true,"href":"https:\/\/linitiative.ca\/International\/wp-json\/"}],"wp:attachment":[{"href":"https:\/\/linitiative.ca\/International\/wp-json\/wp\/v2\/media?parent=60724"}],"wp:term":[{"taxonomy":"category","embeddable":true,"href":"https:\/\/linitiative.ca\/International\/wp-json\/wp\/v2\/categories?post=60724"},{"taxonomy":"post_tag","embeddable":true,"href":"https:\/\/linitiative.ca\/International\/wp-json\/wp\/v2\/tags?post=60724"}],"curies":[{"name":"wp","href":"https:\/\/api.w.org\/{rel}","templated":true}]}}