{"id":60728,"date":"2019-09-10T10:24:44","date_gmt":"2019-09-10T14:24:44","guid":{"rendered":"https:\/\/linitiative.ca\/International\/94240-judo-coupe-d-afrique-juniors-l-algerie-a-la-premiere-place-avec-23-medailles-dont-7-or\/"},"modified":"2019-09-10T10:24:44","modified_gmt":"2019-09-10T14:24:44","slug":"94240-judo-coupe-d-afrique-juniors-l-algerie-a-la-premiere-place-avec-23-medailles-dont-7-or","status":"publish","type":"post","link":"https:\/\/linitiative.ca\/International\/94240-judo-coupe-d-afrique-juniors-l-algerie-a-la-premiere-place-avec-23-medailles-dont-7-or\/","title":{"rendered":"Judo\/Coupe d&rsquo;Afrique \u00ab\u00a0Juniors\u00a0\u00bb: l&rsquo;Alg\u00e9rie \u00e0 la premi\u00e8re place, avec 23 m\u00e9dailles"},"content":{"rendered":"<div>\n<div class=\"K2FeedImage\"><img decoding=\"async\" src=\"http:\/\/www.aps.dz\/media\/k2\/items\/cache\/6f819daba475fa68931202008ebf93c1_S.jpg\" alt=\"Judo\/Coupe d'Afrique \" juniors l la premi place avec m><\/div>\n<div class=\"K2FeedIntroText\">\n<p><strong>TUNIS- La s\u00e9lection alg\u00e9rienne (Gar\u00e7ons \/ Filles) de judo a d\u00e9croch\u00e9 la premi\u00e8re place \u00e0 la Coupe d&rsquo;Afrique \u00ab\u00a0Juniors\u00a0\u00bb, cl\u00f4tur\u00e9e mardi soir dans la capitale tunisienne Tunis, avec un total de 23 m\u00e9dailles (7 or, 6 argent et 10 bronze).<\/strong><\/p>\n<\/div>\n<div class=\"K2FeedFullText\">\n<p>Les Verts ont devanc\u00e9 la Tunisie (4 or, 7 argent et 7 bronze), au moment o\u00f9 le Maroc a compl\u00e9t\u00e9 le podium, avec 1 or et 4 bronze, dans une comp\u00e9tition ayant drain\u00e9 la participation de 85 athl\u00e8tes (49 Gar\u00e7ons et 36 Filles), repr\u00e9sentant neuf nations.<\/p>\n<p>En effet, outre l&rsquo;Alg\u00e9rie, la Tunisie et le Maroc, six autres nations \u00e9taient engag\u00e9es dans cette comp\u00e9tition, \u00e0 savoir : la Bulgarie, le Portugal, la R\u00e9publique tch\u00e8que, le Zimbabwe, le S\u00e9n\u00e9gal et l&rsquo;Afrique du Sud.<\/p>\n<blockquote>\n<p><em><strong>Avec 30 judokas engag\u00e9s (19 Gar\u00e7ons et 11 Filles), l&rsquo;Alg\u00e9rie \u00e9tait le deuxi\u00e8me pays le mieux repr\u00e9sent\u00e9 dans cette comp\u00e9tition, derri\u00e8re la Tunisie (19 Gar\u00e7ons et 16 Filles), alors que le Maroc n&rsquo;avait engag\u00e9 que huit repr\u00e9sentants (4 Gar\u00e7ons et 4 Filles).<\/strong><\/em><\/p>\n<\/blockquote>\n<p>Cette Coupe d&rsquo;Afrique \u00ab\u00a0Juniors\u00a0\u00bb s&rsquo;est d\u00e9roul\u00e9e dans la foul\u00e9e de la Coupe d&rsquo;Afrique des \u00ab\u00a0Cadets\u00a0\u00bb, disput\u00e9e la veille \u00e0 Tunis et dans laquelle la s\u00e9lection alg\u00e9rienne s&rsquo;\u00e9tait content\u00e9e de la deuxi\u00e8me place, avec un total de 26 m\u00e9dailles (4 or, 8 argent et 14 bronze).<\/p>\n<p>C&rsquo;est le pays h\u00f4te de cette comp\u00e9tition, la Tunisie, qui avait rafl\u00e9 la premi\u00e8re place, avec un total de 20 m\u00e9dailles (9 or, 5 argent et 6 bronze), au moment o\u00f9 le Maroc avait compl\u00e9t\u00e9 le podium, avec un total de quatre m\u00e9dailles (2 or, 1 argent et 1 bronze).<\/p>\n<p>L&rsquo;Alg\u00e9rie \u00e9tait le pays le mieux repr\u00e9sent\u00e9 dans cette comp\u00e9tition, car ayant engag\u00e9 un total de 42 judokas (25 Gar\u00e7ons et 17 Filles), devant la Tunisie (17 Gar\u00e7ons et 20 Filles), au moment o\u00f9 le Maroc n&rsquo;avait engag\u00e9 que quatre athl\u00e8tes (2 Gar\u00e7ons et 2 Filles).<\/p>\n<p>Au total, 92 judokas (52 Gar\u00e7ons et 40 Filles), repr\u00e9sentant huit pays avaient pris part \u00e0 cette comp\u00e9tition.<\/p>\n<p>Les autres pays engag\u00e9s dans cette comp\u00e9tition \u00e9taient : la Bulgarie, la R\u00e9publique Tch\u00e8que, l&rsquo;Estonie, le S\u00e9n\u00e9gal et le Zimbabwe.<\/p>\n<\/div>\n<p><img loading=\"lazy\" decoding=\"async\" src=\"http:\/\/feeds.feedburner.com\/~r\/aps-sport\/~4\/fMQHVjyMXjI\" height=\"1\" width=\"1\" alt=\"\"><\/div>\n<p>Auteur:<br \/>\n<a href=\"http:\/\/www.aps.dz\/sport\/94240-judo-coupe-d-afrique-juniors-l-algerie-a-la-premiere-place-avec-23-medailles-dont-7-or?utm_source=feedburner&#038;utm_medium=feed&#038;utm_campaign=Feed%3A+aps-sport+%28APS+-+SPORT%29\">Cliquez ici pour lire l&rsquo;article depuis sa source.<\/a><\/p>\n","protected":false},"excerpt":{"rendered":"<p>TUNIS- La s\u00e9lection alg\u00e9rienne (Gar\u00e7ons \/ Filles) de judo a d\u00e9croch\u00e9 la premi\u00e8re place \u00e0 la Coupe d&rsquo;Afrique \u00ab\u00a0Juniors\u00a0\u00bb, cl\u00f4tur\u00e9e mardi soir dans la capitale tunisienne Tunis, avec un total de 23 m\u00e9dailles (7 or, 6 argent et 10 bronze). Les Verts ont devanc\u00e9 la Tunisie (4 or, 7 argent et 7 bronze), au moment [&hellip;]<\/p>\n","protected":false},"author":1790,"featured_media":60729,"comment_status":"closed","ping_status":"closed","sticky":false,"template":"","format":"standard","meta":{"fifu_image_url":"","fifu_image_alt":"","footnotes":""},"categories":[53,75],"tags":[],"class_list":["post-60728","post","type-post","status-publish","format-standard","has-post-thumbnail","hentry","category-algerie","category-sport"],"_links":{"self":[{"href":"https:\/\/linitiative.ca\/International\/wp-json\/wp\/v2\/posts\/60728","targetHints":{"allow":["GET"]}}],"collection":[{"href":"https:\/\/linitiative.ca\/International\/wp-json\/wp\/v2\/posts"}],"about":[{"href":"https:\/\/linitiative.ca\/International\/wp-json\/wp\/v2\/types\/post"}],"author":[{"embeddable":true,"href":"https:\/\/linitiative.ca\/International\/wp-json\/wp\/v2\/users\/1790"}],"replies":[{"embeddable":true,"href":"https:\/\/linitiative.ca\/International\/wp-json\/wp\/v2\/comments?post=60728"}],"version-history":[{"count":0,"href":"https:\/\/linitiative.ca\/International\/wp-json\/wp\/v2\/posts\/60728\/revisions"}],"wp:featuredmedia":[{"embeddable":true,"href":"https:\/\/linitiative.ca\/International\/wp-json\/"}],"wp:attachment":[{"href":"https:\/\/linitiative.ca\/International\/wp-json\/wp\/v2\/media?parent=60728"}],"wp:term":[{"taxonomy":"category","embeddable":true,"href":"https:\/\/linitiative.ca\/International\/wp-json\/wp\/v2\/categories?post=60728"},{"taxonomy":"post_tag","embeddable":true,"href":"https:\/\/linitiative.ca\/International\/wp-json\/wp\/v2\/tags?post=60728"}],"curies":[{"name":"wp","href":"https:\/\/api.w.org\/{rel}","templated":true}]}}