{"id":60732,"date":"2019-09-10T13:36:00","date_gmt":"2019-09-10T17:36:00","guid":{"rendered":"https:\/\/linitiative.ca\/International\/mostaganem-interception-de-deux-harraga-a-stidia\/"},"modified":"2019-09-10T13:36:00","modified_gmt":"2019-09-10T17:36:00","slug":"mostaganem-interception-de-deux-harraga-a-stidia","status":"publish","type":"post","link":"https:\/\/linitiative.ca\/International\/mostaganem-interception-de-deux-harraga-a-stidia\/","title":{"rendered":"MOSTAGANEM : Interception de deux harraga \u00e0 Stidia"},"content":{"rendered":"<p><br id=\"sep_para_1\" class=\"sep_para access\"\/><\/p>\n<div id=\"para_1\" class=\"para_32927251 resize\">\n<div class=\"texte access firstletter\">\u00a0Selon un communiqu\u00e9 du groupement r\u00e9gional de la gendarmerie nationale, la brigade de gendarmerie de la commune de Stidia\u00a0 a re\u00e7u des informations faisant \u00e9tat de la pr\u00e9paration d\u2019une op\u00e9ration clandestine d\u2019\u00e9migration\u00a0 de deux personnes, vers la p\u00e9ninsule ib\u00e9rique. L\u2019action rapide des \u00e9l\u00e9ments de la gendarmerie locale\u00a0 a permis de proc\u00e9der \u00e0 l\u2019arrestation d\u2019un\u00a0 homme de 33 ans\u00a0 et de son compagnon de 31 ans\u00a0 et ce, au niveau de la c\u00f4te maritime de la dite commune. La mise en \u00e9chec de ces \u00ab harraga \u00bb s\u2019est d\u00e9roul\u00e9e, le samedi 07septembre 2019 \u00e0 22 heures, selon les informations du communiqu\u00e9 qui\u00a0 pr\u00e9cise, par ailleurs, que ces individus sont originaires de Mostaganem, tous les deux. Dans le cadre de la lutte contre le ph\u00e9nom\u00e8ne de l&rsquo;immigration clandestine et conform\u00e9ment au plan d\u2019action du groupement r\u00e9gional de la gendarmerie nationale, les deux personnes en question seront traduites devant les autorit\u00e9s judiciaires, \u00e0 l&rsquo;issue de l&rsquo;enqu\u00eate sur cette affaire, indique\u00a0 le communiqu\u00e9 de la gendarmerie.\u00a0\u00a0\u00a0\u00a0<\/div>\n<\/div>\n<p>Auteur: Y.Zahachi<br \/>\n<a href=\"https:\/\/www.reflexiondz.net\/MOSTAGANEM-Interception-de-deux-harraga-a-Stidia_a57551.html\">Cliquez ici pour lire l&rsquo;article depuis sa source.<\/a><\/p>\n","protected":false},"excerpt":{"rendered":"<p>\u00a0Selon un communiqu\u00e9 du groupement r\u00e9gional de la gendarmerie nationale, la brigade de gendarmerie de la commune de Stidia\u00a0 a re\u00e7u des informations faisant \u00e9tat de la pr\u00e9paration d\u2019une op\u00e9ration clandestine d\u2019\u00e9migration\u00a0 de deux personnes, vers la p\u00e9ninsule ib\u00e9rique. L\u2019action rapide des \u00e9l\u00e9ments de la gendarmerie locale\u00a0 a permis de proc\u00e9der \u00e0 l\u2019arrestation d\u2019un\u00a0 homme [&hellip;]<\/p>\n","protected":false},"author":1740,"featured_media":0,"comment_status":"closed","ping_status":"closed","sticky":false,"template":"","format":"standard","meta":{"fifu_image_url":"","fifu_image_alt":"","footnotes":""},"categories":[53,76],"tags":[],"class_list":["post-60732","post","type-post","status-publish","format-standard","hentry","category-algerie","category-regions"],"_links":{"self":[{"href":"https:\/\/linitiative.ca\/International\/wp-json\/wp\/v2\/posts\/60732","targetHints":{"allow":["GET"]}}],"collection":[{"href":"https:\/\/linitiative.ca\/International\/wp-json\/wp\/v2\/posts"}],"about":[{"href":"https:\/\/linitiative.ca\/International\/wp-json\/wp\/v2\/types\/post"}],"author":[{"embeddable":true,"href":"https:\/\/linitiative.ca\/International\/wp-json\/wp\/v2\/users\/1740"}],"replies":[{"embeddable":true,"href":"https:\/\/linitiative.ca\/International\/wp-json\/wp\/v2\/comments?post=60732"}],"version-history":[{"count":0,"href":"https:\/\/linitiative.ca\/International\/wp-json\/wp\/v2\/posts\/60732\/revisions"}],"wp:attachment":[{"href":"https:\/\/linitiative.ca\/International\/wp-json\/wp\/v2\/media?parent=60732"}],"wp:term":[{"taxonomy":"category","embeddable":true,"href":"https:\/\/linitiative.ca\/International\/wp-json\/wp\/v2\/categories?post=60732"},{"taxonomy":"post_tag","embeddable":true,"href":"https:\/\/linitiative.ca\/International\/wp-json\/wp\/v2\/tags?post=60732"}],"curies":[{"name":"wp","href":"https:\/\/api.w.org\/{rel}","templated":true}]}}