{"id":60746,"date":"2019-09-10T14:46:28","date_gmt":"2019-09-10T18:46:28","guid":{"rendered":"https:\/\/linitiative.ca\/International\/120-000-marocains-se-sont-rendus-en-turquie-cette-annee\/"},"modified":"2019-09-10T14:46:28","modified_gmt":"2019-09-10T18:46:28","slug":"120-000-marocains-se-sont-rendus-en-turquie-cette-annee","status":"publish","type":"post","link":"https:\/\/linitiative.ca\/International\/120-000-marocains-se-sont-rendus-en-turquie-cette-annee\/","title":{"rendered":"120.000 marocains se sont rendus en Turquie cette ann\u00e9e"},"content":{"rendered":"<p><strong>R\u00e9cemment, la Turquie, sans visa, est devenue une destination privil\u00e9gi\u00e9e des Marocains qui, payant tr\u00e8s cher pour des destinations locales sans pour autant en \u00eatre satisfaits, se r\u00e9orientent au-del\u00e0 des fronti\u00e8res.<\/strong><\/p>\n<div class=\"c10\"\/>\n<p>Selon des chiffres attribu\u00e9s au minist\u00e8re du Tourisme et de la Culture turc, publi\u00e9s par\u00a0L\u2019Economiste, ils \u00e9taient 120.000 Marocains \u00e0 visiter la Turquie, \u00e0 fin juillet 2019.<\/p>\n<p>Le Maghreb est le premier march\u00e9 \u00e9metteur de touristes pour la Turquie. Les Marocains sont les 3es visiteurs parmi les touristes en provenance d\u2019Afrique, derri\u00e8re les Alg\u00e9riens (161.000) et les Libyens (137.000). La grande majorit\u00e9 des touristes en provenance d\u2019Afrique viennent de l\u2019Afrique du Nord.<\/p>\n<p>Les statistiques du minist\u00e8re turc du Tourisme font en effet \u00e9tat d\u2019une hausse vertigineuse du nombre de Marocains qui ont visit\u00e9 le pays d\u2019Atat\u00fcrk, avec 176.538 personnes en 2018 contre seulement 13.789 en 2003. Par cons\u00e9quent, les frais de voyage ont atteint pr\u00e8s de 19 milliards de dirhams en devises au titre de l\u2019ann\u00e9e 2018, contre 9% en 2017, d\u00e9passant ainsi les recettes touristiques en devises engrang\u00e9es par le Maroc (+1 MMDH).<\/p>\n<p>A noter que\u00a0les Marocains ont la possibilit\u00e9 d\u2019entrer dans 61 pays sans visa ou avec visa \u00e0 l\u2019arriv\u00e9e. A titre d\u2019exemple, les Marocains peuvent se rendre en Turquie, Cor\u00e9e du Sud, Indon\u00e9sie, Hong Kong, Malaisie, Sri Lanka, Br\u00e9sil, \u00e0 l\u2019Equateur, Bolivie, Iran, Liban ou encore en Jordanie.<\/p>\n<div class=\"c17\">\n<fieldset class=\"c16\">\n<legend><strong><span class=\"c11\">Challenge<\/span><span class=\"c12\">news<\/span><\/strong><\/legend>\n<div class=\"c15\">Le meilleur de la r\u00e9daction s\u00e9lectionn\u00e9 par Challenge :<\/p>\n<\/div>\n<\/fieldset>\n<\/div>\n<p>Auteur: Hajar DARI<br \/>\n<a href=\"https:\/\/www.challenge.ma\/120-000-marocains-se-sont-rendus-en-turquie-cette-annee-116986\/\">Cliquez ici pour lire l&rsquo;article depuis sa source.<\/a><\/p>\n","protected":false},"excerpt":{"rendered":"<p>R\u00e9cemment, la Turquie, sans visa, est devenue une destination privil\u00e9gi\u00e9e des Marocains qui, payant tr\u00e8s cher pour des destinations locales sans pour autant en \u00eatre satisfaits, se r\u00e9orientent au-del\u00e0 des fronti\u00e8res. Selon des chiffres attribu\u00e9s au minist\u00e8re du Tourisme et de la Culture turc, publi\u00e9s par\u00a0L\u2019Economiste, ils \u00e9taient 120.000 Marocains \u00e0 visiter la Turquie, \u00e0 [&hellip;]<\/p>\n","protected":false},"author":1787,"featured_media":0,"comment_status":"closed","ping_status":"closed","sticky":false,"template":"","format":"standard","meta":{"fifu_image_url":"","fifu_image_alt":"","footnotes":""},"categories":[78,54],"tags":[],"class_list":["post-60746","post","type-post","status-publish","format-standard","hentry","category-economie","category-maroc"],"_links":{"self":[{"href":"https:\/\/linitiative.ca\/International\/wp-json\/wp\/v2\/posts\/60746","targetHints":{"allow":["GET"]}}],"collection":[{"href":"https:\/\/linitiative.ca\/International\/wp-json\/wp\/v2\/posts"}],"about":[{"href":"https:\/\/linitiative.ca\/International\/wp-json\/wp\/v2\/types\/post"}],"author":[{"embeddable":true,"href":"https:\/\/linitiative.ca\/International\/wp-json\/wp\/v2\/users\/1787"}],"replies":[{"embeddable":true,"href":"https:\/\/linitiative.ca\/International\/wp-json\/wp\/v2\/comments?post=60746"}],"version-history":[{"count":0,"href":"https:\/\/linitiative.ca\/International\/wp-json\/wp\/v2\/posts\/60746\/revisions"}],"wp:attachment":[{"href":"https:\/\/linitiative.ca\/International\/wp-json\/wp\/v2\/media?parent=60746"}],"wp:term":[{"taxonomy":"category","embeddable":true,"href":"https:\/\/linitiative.ca\/International\/wp-json\/wp\/v2\/categories?post=60746"},{"taxonomy":"post_tag","embeddable":true,"href":"https:\/\/linitiative.ca\/International\/wp-json\/wp\/v2\/tags?post=60746"}],"curies":[{"name":"wp","href":"https:\/\/api.w.org\/{rel}","templated":true}]}}