{"id":60750,"date":"2019-09-10T15:24:19","date_gmt":"2019-09-10T19:24:19","guid":{"rendered":"https:\/\/linitiative.ca\/International\/video-les-elections-tunisiennes-discutees-au-parlement-francais-la-gifle-magistrale-du-gouvernement-francais-a-des-lobbyistes-tunisiens\/"},"modified":"2019-09-10T15:24:19","modified_gmt":"2019-09-10T19:24:19","slug":"video-les-elections-tunisiennes-discutees-au-parlement-francais-la-gifle-magistrale-du-gouvernement-francais-a-des-lobbyistes-tunisiens","status":"publish","type":"post","link":"https:\/\/linitiative.ca\/International\/video-les-elections-tunisiennes-discutees-au-parlement-francais-la-gifle-magistrale-du-gouvernement-francais-a-des-lobbyistes-tunisiens\/","title":{"rendered":"VIDEO\u00a0: Les \u00e9lections tunisiennes discut\u00e9es au parlement fran\u00e7ais\u00a0: La gifle magistrale du gouvernement fran\u00e7ais \u00e0 des lobbyistes tunisiens\u00a0!"},"content":{"rendered":"<div class=\"post-cont-in left relative\">\n<div class=\"swp_social_panel swp_horizontal_panel swp_flat_fresh swp_default_full_color swp_individual_full_color swp_other_full_color scale-100 scale-\" data-min-width=\"1100\" data-float-color=\"#ffffff\" data-float=\"none\" data-float-mobile=\"none\" data-transition=\"slide\">\n<div class=\"nc_tweetContainer swp_share_button total_shares total_sharesalt\"><span class=\"swp_count\">78 <span class=\"swp_label\">Partages<\/span><\/span><\/div>\n<\/div>\n<p>Les lobbies et autres mafias en Tunisie ont, \u00e0 ce qu\u2019il parait, les bras suffisamment longs, pour qu\u2019ils croient pouvoir op\u00e9rer jusqu\u2019en France.<\/p>\n<p>Si leurs man\u0153uvres ont, plus ou moins r\u00e9ussi, aupr\u00e8s de la mission de l\u2019Union Europ\u00e9enne pour les \u00e9lections tunisiennes, qui a daign\u00e9 placer deux lignes dans un communiqu\u00e9 laconique pour, d\u00e9plorer la privation d\u2019un des candidats \u00e0 la pr\u00e9sidentielles de toutes ses chances, en le gardant en prison, leurs tentatives aupr\u00e8s des autorit\u00e9s fran\u00e7aises leur ont valu, aujourd\u2019hui, une gifle magistrale, de la part du gouvernement fran\u00e7ais.<\/p>\n<div class=\"code-block code-block-1 c3\"><ins class=\"adsbygoogle c2\" data-ad-layout=\"in-article\" data-ad-format=\"fluid\" data-ad-client=\"ca-pub-2102118777505746\" data-ad-slot=\"7301775417\"\/> <\/div>\n<p>En effet, et l\u00e0, on se demande de quel droit, et de quoi il se m\u00eale, un d\u00e9put\u00e9 (pas tout \u00e0 fait) fran\u00e7ais, au pass\u00e9 aussi sulfureux qu\u2019agit\u00e9, et qui, de surcroit, a fait l\u2019objet de poursuites judiciaires pour avoir agress\u00e9 un autre d\u00e9put\u00e9 \u00e0 coups de casque, sans oublier son sens de l\u2019opportunisme et son penchant pour le \u00ab\u00a0tourisme parlementaire\u00a0\u00bb, puisqu\u2019il a quitt\u00e9 le bloc du parti de Macron, pour rejoindre celui d\u2019un parti radical\u2026 bref, le profil type d\u2019une potentielle cible des lobbyistes, s\u2019est permis d\u2019interpeller le premier ministre Edouard Philippe, pour demander une prise de position \u00e0 l\u2019encontre de l\u2019Etat tunisien \u00e0 cause des \u00ab\u00a0soup\u00e7ons qui p\u00e8sent sur le processus \u00e9lectoral\u00a0\u00bb, \u00e0 cause de l\u2019emprisonnement d\u2019un des candidats.<\/p>\n<p>Mais quelle ne fut sa surprise et son d\u00e9pit, suite \u00e0 la gifle magistrale qu\u2019il a re\u00e7u de la part du premier ministre fran\u00e7ais et de son ministre des affaires \u00e9trang\u00e8res, qui lui ont r\u00e9torqu\u00e9 qu\u2019ils avaient pour la Tunisie, un double sentiment\u00a0: Un sentiment de confiance totale en les institutions et en le peuple tunisien qui a su d\u00e9montrer qu\u2019il est capable de penser librement et d\u2019exprimer ses points de vue, et qui saura, donc, veiller au bon d\u00e9roulement des \u00e9lections. Puis un sentiment de respect de la souverainet\u00e9 de la Tunisie, et de ses pouvoirs, notamment, le pouvoir judiciaire en qui la France a enti\u00e8rement confiance.<\/p>\n<p>Une gifle, effectivement, magistrale, pour dire aux lobbyistes et leurs valets au parlement fran\u00e7ais, qu\u2019ils n\u2019ont pas de le\u00e7ons \u00e0 donner aux tunisiens, et qu\u2019ils feraient mieux de balayer devant chez eux\u00a0!<br \/><iframe loading=\"lazy\" src=\"https:\/\/www.youtube.com\/embed\/oNB1-9QF5Yk\" width=\"560\" height=\"315\" frameborder=\"0\" allowfullscreen=\"allowfullscreen\">[embedded content]<\/iframe><\/p>\n<p><strong>Que se passe-t-il en Tunisie?<\/strong><br \/>Nous expliquons sur notre <a href=\"https:\/\/www.youtube.com\/channel\/UCRzypVq0B_yBad5eGrwBx0Q?sub_confirmation=1\" target=\"_blank\" rel=\"noopener noreferrer\">cha\u00eene YouTube<\/a> . <a href=\"https:\/\/www.youtube.com\/channel\/UCRzypVq0B_yBad5eGrwBx0Q?sub_confirmation=1\" target=\"_blank\" rel=\"noopener noreferrer\">Abonnez-vous!<\/a><\/p>\n<div class=\"mvp-org-wrap mvp-org-logo\" itemprop=\"publisher\" itemscope=\"\" itemtype=\"https:\/\/schema.org\/Organization\">\n<p><img decoding=\"async\" src=\"https:\/\/www.tunisienumerique.com\/wp-content\/uploads\/2017\/02\/logo_tunisie_numerique.png\"\/><\/p>\n<\/div>\n<div class=\"swp_social_panel swp_horizontal_panel swp_flat_fresh swp_default_full_color swp_individual_full_color swp_other_full_color scale-100 scale-\" data-min-width=\"1100\" data-float-color=\"#ffffff\" data-float=\"none\" data-float-mobile=\"none\" data-transition=\"slide\">\n<div class=\"nc_tweetContainer swp_share_button total_shares total_sharesalt\"><span class=\"swp_count\">78 <span class=\"swp_label\">Partages<\/span><\/span><\/div>\n<\/div>\n<div class=\"mvp-related-posts left relative\">\n<h4 class=\"post-header\"><span class=\"post-header\">Lire aussi<\/span><\/h4>\n<\/div>\n<\/div>\n<p>Auteur: LM<br \/>\n<a href=\"https:\/\/www.tunisienumerique.com\/video-les-elections-tunisiennes-discutees-au-parlement-francais-la-gifle-magistrale-du-gouvernement-francais-a-des-lobbyistes-tunisiens\/\">Cliquez ici pour lire l&rsquo;article depuis sa source.<\/a><\/p>\n","protected":false},"excerpt":{"rendered":"<p>78 Partages Les lobbies et autres mafias en Tunisie ont, \u00e0 ce qu\u2019il parait, les bras suffisamment longs, pour qu\u2019ils croient pouvoir op\u00e9rer jusqu\u2019en France. Si leurs man\u0153uvres ont, plus ou moins r\u00e9ussi, aupr\u00e8s de la mission de l\u2019Union Europ\u00e9enne pour les \u00e9lections tunisiennes, qui a daign\u00e9 placer deux lignes dans un communiqu\u00e9 laconique pour, [&hellip;]<\/p>\n","protected":false},"author":1789,"featured_media":60751,"comment_status":"closed","ping_status":"closed","sticky":false,"template":"","format":"standard","meta":{"fifu_image_url":"","fifu_image_alt":"","footnotes":""},"categories":[73,55],"tags":[],"class_list":["post-60750","post","type-post","status-publish","format-standard","has-post-thumbnail","hentry","category-actualite","category-tunisie"],"_links":{"self":[{"href":"https:\/\/linitiative.ca\/International\/wp-json\/wp\/v2\/posts\/60750","targetHints":{"allow":["GET"]}}],"collection":[{"href":"https:\/\/linitiative.ca\/International\/wp-json\/wp\/v2\/posts"}],"about":[{"href":"https:\/\/linitiative.ca\/International\/wp-json\/wp\/v2\/types\/post"}],"author":[{"embeddable":true,"href":"https:\/\/linitiative.ca\/International\/wp-json\/wp\/v2\/users\/1789"}],"replies":[{"embeddable":true,"href":"https:\/\/linitiative.ca\/International\/wp-json\/wp\/v2\/comments?post=60750"}],"version-history":[{"count":0,"href":"https:\/\/linitiative.ca\/International\/wp-json\/wp\/v2\/posts\/60750\/revisions"}],"wp:featuredmedia":[{"embeddable":true,"href":"https:\/\/linitiative.ca\/International\/wp-json\/"}],"wp:attachment":[{"href":"https:\/\/linitiative.ca\/International\/wp-json\/wp\/v2\/media?parent=60750"}],"wp:term":[{"taxonomy":"category","embeddable":true,"href":"https:\/\/linitiative.ca\/International\/wp-json\/wp\/v2\/categories?post=60750"},{"taxonomy":"post_tag","embeddable":true,"href":"https:\/\/linitiative.ca\/International\/wp-json\/wp\/v2\/tags?post=60750"}],"curies":[{"name":"wp","href":"https:\/\/api.w.org\/{rel}","templated":true}]}}