{"id":60754,"date":"2019-09-10T15:59:18","date_gmt":"2019-09-10T19:59:18","guid":{"rendered":"https:\/\/linitiative.ca\/International\/can-u23-malgre-la-victoire-la-tunisie-ne-passe-pas-pour-la-phase-finale\/"},"modified":"2019-09-10T15:59:18","modified_gmt":"2019-09-10T19:59:18","slug":"can-u23-malgre-la-victoire-la-tunisie-ne-passe-pas-pour-la-phase-finale","status":"publish","type":"post","link":"https:\/\/linitiative.ca\/International\/can-u23-malgre-la-victoire-la-tunisie-ne-passe-pas-pour-la-phase-finale\/","title":{"rendered":"CAN U23 : malgr\u00e9 la victoire, la Tunisie ne passe pas pour la phase finale"},"content":{"rendered":"<p dir=\"ltr\">La s\u00e9lection nationale olympique de football n\u2019a pas r\u00e9ussi \u00e0 valider son billet de qualification pour la Coupe d\u2019Afrique des Nations des moins de 23 ans malgr\u00e9 une victoire face au Cameroun (2-1), ce soir.<\/p>\n<p dir=\"ltr\">Vu le score du match aller (1-0), Les Lions indomptables se sont qualifi\u00e9s pour la CAN U23.<\/p>\n<div class=\"code-block code-block-1 c5\"><ins class=\"adsbygoogle c4\" data-ad-layout=\"in-article\" data-ad-format=\"fluid\" data-ad-client=\"ca-pub-2102118777505746\" data-ad-slot=\"7301775417\"\/> <\/div>\n<p dir=\"ltr\">M\u00e8n\u00e9 au score depuis la 17\u00e8me minute sur un penalty, la Tunisie a renvers\u00e9 son adversaire gr\u00e2ce aux buts de Wajdi Sahli (37e) et Habib Oueslati (70e).<\/p>\n<p dir=\"ltr\">L\u2019\u00e9quipe nationale olympique ne passe pas donc pour la CAN U23 2019 et \u00e9galement pour les Jeux olympiques Tokyo 2020.<\/p>\n<div class=\"heateor_sss_sharing_container heateor_sss_horizontal_sharing\" heateor-sss-data-href=\"https:\/\/sport.tunisienumerique.com\/can-u23-malgre-victoire-tunisie-ne-passe-phase-finale\/\">\n<div class=\"heateor_sss_sharing_title c6\">Cet article vous a \u00e9t\u00e9 utile? Partagez le, il int\u00e9ressera d\u2019autres personnes. Merci!<\/div>\n<ul class=\"heateor_sss_sharing_ul\">\n<li class=\"heateorSssSharingRound\"><em alt=\"Facebook\" title=\"Facebook\" class=\"heateorSssSharing heateorSssFacebookBackground c7\" onclick=\"heateorSssPopup(\"https:\/\/www.facebook.com\/sharer\/sharer.php?u=https%3A%2F%2Fsport.tunisienumerique.com%2Fcan-u23-malgre-victoire-tunisie-ne-passe-phase-finale%2F\")\">\u00a0<\/em><\/li>\n<li class=\"heateorSssSharingRound\"><em alt=\"Twitter\" title=\"Twitter\" class=\"heateorSssSharing heateorSssTwitterBackground c7\" onclick=\"heateorSssPopup(\"http:\/\/twitter.com\/intent\/tweet?text=CAN%20U23%20%3A%20malgr%C3%A9%20la%20victoire%2C%20la%20Tunisie%20ne%20passe%20pas%20pour%20la%20phase%20finale&#038;url=https%3A%2F%2Fsport.tunisienumerique.com%2Fcan-u23-malgre-victoire-tunisie-ne-passe-phase-finale%2F\")\">\u00a0<\/em><\/li>\n<li class=\"heateorSssSharingRound\"><em alt=\"Linkedin\" title=\"Linkedin\" class=\"heateorSssSharing heateorSssLinkedinBackground c7\" onclick=\"heateorSssPopup(\"http:\/\/www.linkedin.com\/shareArticle?mini=true&#038;url=https%3A%2F%2Fsport.tunisienumerique.com%2Fcan-u23-malgre-victoire-tunisie-ne-passe-phase-finale%2F&#038;title=CAN%20U23%20%3A%20malgr%C3%A9%20la%20victoire%2C%20la%20Tunisie%20ne%20passe%20pas%20pour%20la%20phase%20finale\")\">\u00a0<\/em><\/li>\n<li class=\"heateorSssSharingRound\"><em alt=\"Google Gmail\" title=\"Google Gmail\" class=\"heateorSssSharing heateorSssGoogleGmailBackground c7\" onclick=\"heateorSssPopup(\"https:\/\/mail.google.com\/mail\/?ui=2&#038;view=cm&#038;fs=1&#038;tf=1&#038;su=CAN%20U23%20%3A%20malgr%C3%A9%20la%20victoire%2C%20la%20Tunisie%20ne%20passe%20pas%20pour%20la%20phase%20finale&#038;body=Link:https%3A%2F%2Fsport.tunisienumerique.com%2Fcan-u23-malgre-victoire-tunisie-ne-passe-phase-finale%2F\")\">\u00a0<\/em><\/li>\n<li class=\"heateorSssSharingRound\"><em alt=\"Whatsapp\" title=\"Whatsapp\" class=\"heateorSssSharing heateorSssWhatsappBackground c7\"><a href=\"https:\/\/api.whatsapp.com\/send?text=CAN%20U23%20%3A%20malgr%C3%A9%20la%20victoire%2C%20la%20Tunisie%20ne%20passe%20pas%20pour%20la%20phase%20finale%20https%3A%2F%2Fsport.tunisienumerique.com%2Fcan-u23-malgre-victoire-tunisie-ne-passe-phase-finale%2F\" rel=\"nofollow noopener noreferrer\" target=\"_blank\">\u00a0<\/a><\/em><\/li>\n<li class=\"heateorSssSharingRound\">\u00a0<\/li>\n<\/ul>\n<\/div>\n<div class=\"mvp-org-wrap mvp-org-logo\" itemprop=\"publisher\" itemscope=\"\" itemtype=\"https:\/\/schema.org\/Organization\"><img decoding=\"async\" src=\"https:\/\/sport.tunisienumerique.com\/wp-content\/uploads\/2017\/05\/logo_tunisie_numerique.png\"\/><\/div>\n<div class=\"mvp-related-posts left relative\">\n<h4 class=\"post-header\"><span class=\"post-header\">Lire aussi<\/span><\/h4>\n<\/div>\n<p>Auteur:<br \/>\n<a href=\"https:\/\/sport.tunisienumerique.com\/can-u23-malgre-victoire-tunisie-ne-passe-phase-finale\/\">Cliquez ici pour lire l&rsquo;article depuis sa source.<\/a><\/p>\n","protected":false},"excerpt":{"rendered":"<p>La s\u00e9lection nationale olympique de football n\u2019a pas r\u00e9ussi \u00e0 valider son billet de qualification pour la Coupe d\u2019Afrique des Nations des moins de 23 ans malgr\u00e9 une victoire face au Cameroun (2-1), ce soir. Vu le score du match aller (1-0), Les Lions indomptables se sont qualifi\u00e9s pour la CAN U23. M\u00e8n\u00e9 au score [&hellip;]<\/p>\n","protected":false},"author":1789,"featured_media":60755,"comment_status":"closed","ping_status":"closed","sticky":false,"template":"","format":"standard","meta":{"fifu_image_url":"","fifu_image_alt":"","footnotes":""},"categories":[73,55],"tags":[],"class_list":["post-60754","post","type-post","status-publish","format-standard","has-post-thumbnail","hentry","category-actualite","category-tunisie"],"_links":{"self":[{"href":"https:\/\/linitiative.ca\/International\/wp-json\/wp\/v2\/posts\/60754","targetHints":{"allow":["GET"]}}],"collection":[{"href":"https:\/\/linitiative.ca\/International\/wp-json\/wp\/v2\/posts"}],"about":[{"href":"https:\/\/linitiative.ca\/International\/wp-json\/wp\/v2\/types\/post"}],"author":[{"embeddable":true,"href":"https:\/\/linitiative.ca\/International\/wp-json\/wp\/v2\/users\/1789"}],"replies":[{"embeddable":true,"href":"https:\/\/linitiative.ca\/International\/wp-json\/wp\/v2\/comments?post=60754"}],"version-history":[{"count":0,"href":"https:\/\/linitiative.ca\/International\/wp-json\/wp\/v2\/posts\/60754\/revisions"}],"wp:featuredmedia":[{"embeddable":true,"href":"https:\/\/linitiative.ca\/International\/wp-json\/"}],"wp:attachment":[{"href":"https:\/\/linitiative.ca\/International\/wp-json\/wp\/v2\/media?parent=60754"}],"wp:term":[{"taxonomy":"category","embeddable":true,"href":"https:\/\/linitiative.ca\/International\/wp-json\/wp\/v2\/categories?post=60754"},{"taxonomy":"post_tag","embeddable":true,"href":"https:\/\/linitiative.ca\/International\/wp-json\/wp\/v2\/tags?post=60754"}],"curies":[{"name":"wp","href":"https:\/\/api.w.org\/{rel}","templated":true}]}}