{"id":60759,"date":"2019-09-10T07:13:50","date_gmt":"2019-09-10T11:13:50","guid":{"rendered":"https:\/\/linitiative.ca\/International\/mosquee-de-dioulassoba-desormais-dans-ses-nouveaux-habits\/"},"modified":"2019-09-10T07:13:50","modified_gmt":"2019-09-10T11:13:50","slug":"mosquee-de-dioulassoba-desormais-dans-ses-nouveaux-habits","status":"publish","type":"post","link":"https:\/\/linitiative.ca\/International\/mosquee-de-dioulassoba-desormais-dans-ses-nouveaux-habits\/","title":{"rendered":"Mosqu\u00e9e de Dioulassoba : d\u00e9sormais dans ses nouveaux habits"},"content":{"rendered":"<div>\n<p><strong>Le ministre de la Culture, des Arts et du Tourisme, Abdoul Karim Sango, a proc\u00e9d\u00e9, le jeudi 5 septembre 2019, \u00e0 la remise de la vieille mosqu\u00e9e de Dioulassoba r\u00e9habilit\u00e9e, \u00e0 la communaut\u00e9 musulmane. <\/strong><\/p>\n<p>Les fid\u00e8les musulmans de Bobo-Dioulasso pourront d\u00e9sormais prier \u00e0 la vieille mosqu\u00e9e de Dioulassoba. Apr\u00e8s la construction des hangars, les travaux de r\u00e9habilitation de la mosqu\u00e9e ont pris fin. La c\u00e9r\u00e9monie de remise a eu lieu, le jeudi 5 septembre 2019, sous la pr\u00e9sidence du ministre de la Culture, des Arts et du Tourisme, Abdoul Karim Sango. Lanc\u00e9 le 18 novembre 2016 lors de la nuit de mobilisation des fonds, le \u00ab Projet de r\u00e9habilitation et de mise en valeur de la grande mosqu\u00e9e de Dioulassoba \u00bb est estim\u00e9 \u00e0 527 831 073 F CFA. Elle comprend quatre phases.<\/p>\n<p>Avec la fin des phases 1 et 2, les phases 3 et 4 vont se poursuivre avec l\u2019aide des personnes de \u00ab bonnes \u00bb volont\u00e9s. Il s\u2019agit de l\u2019aire des ablutions, du ch\u00e2teau d\u2019eau, du pavage et de l\u2019am\u00e9nagement paysager. Construite en 1893, selon Abdoul Karim Sango, la vieille mosqu\u00e9e\u00a0fait partie des symboles qui fortifient et orientent la Cit\u00e9 de Sya. En effet, au-del\u00e0 d\u2019un monument, la b\u00e2tisse est une m\u00e9moire, c\u2019est-\u00e0-dire un ensemble de rep\u00e8res de l\u2019existence personnelle et collective, foi de M. Sango. Elle constitue un vaste r\u00e9servoir de convictions, de connaissances et de savoir-faire, a-t-il soutenu.<\/p>\n<p>\u00ab En ces moments particuli\u00e8rement difficile de l\u2019histoire de la nation o\u00f9 les d\u00e9mons de l\u2019extr\u00e9misme violent sont en train d\u2019habiter le c\u0153ur de certains Burkinab\u00e8, l\u2019histoire et la vie de la mosqu\u00e9e de Dioulassoba doit constituer un rep\u00e8re \u00e0 la fois religieux et culturel, d\u2019o\u00f9 nous devons puiser les ressources n\u00e9cessaires du vivre-ensemble \u00bb, a fait savoir Abdoul Karim Sango. La ville de Sya incarne un mod\u00e8le de tol\u00e9rance, a r\u00e9v\u00e9l\u00e9 le ministre. C\u2019est pourquoi, Abdoul Karim Sango, a souhait\u00e9 que les pri\u00e8res qui s\u2019\u00e9l\u00e8veront \u00e0 partir de cette mosqu\u00e9e deviennent un havre de paix pour le Burkina Faso. Poursuivant, le premier responsable du d\u00e9partement de la culture a, au nom du gouvernement, f\u00e9licit\u00e9 tous ceux qui ont contribu\u00e9 \u00e0 la r\u00e9habilitation de ce monument \u00e0 caract\u00e8re national et qui fait partie du patrimoine religieux et culturel du pays.<\/p>\n<p>Et de rappeler que cette mosqu\u00e9e est un bien de la communaut\u00e9. D\u2019o\u00f9 selon lui, les premi\u00e8res personnes \u00e0 s\u2019investir pour son entretien est la population, soulignant que le gouvernement ne fait qu\u2019apporter un appui financier et technique. Pour le directeur des sites class\u00e9s patrimoine mondial, L\u00e9once Ki, la mosqu\u00e9e ne doit pas \u00eatre trait\u00e9e comme un lieu public, mais comme la maison de chacun. \u00ab Si nous voulons donc que la mosqu\u00e9e dure des centaines d\u2019ann\u00e9es encore, il est indispensable que notre esp\u00e9rance de vie, quelle que soit sa longueur, puisse s\u2019arrimer \u00e0 notre implication de la gestion du bien \u00bb, a exhort\u00e9 L\u00e9once Ki. En attendant, le souhait du coordinateur du projet de r\u00e9habilitation de la mosqu\u00e9e, S\u00e9kou Ha\u00efdara, est que les travaux finissent d\u2019ici la fin de l\u2019ann\u00e9e 2019.<\/p>\n<p style=\"text-align: right\"><strong>Boudayinga J-M THIENON <\/strong><\/p>\n<p>L\u2019article <a rel=\"nofollow\" href=\"https:\/\/www.sidwaya.info\/blog\/2019\/09\/10\/mosquee-de-dioulassoba-desormais-dans-ses-nouveaux-habits\/\">Mosqu\u00e9e de Dioulassoba : d\u00e9sormais dans ses nouveaux habits<\/a> est apparu en premier sur <a rel=\"nofollow\" href=\"https:\/\/www.sidwaya.info\/\">Quotidien Sidwaya<\/a>.<\/p>\n<\/div>\n<p>Auteur: DD. Sidwaya<br \/>\n<a href=\"https:\/\/www.sidwaya.info\/blog\/2019\/09\/10\/mosquee-de-dioulassoba-desormais-dans-ses-nouveaux-habits\/\">Cliquez ici pour lire l&rsquo;article depuis sa source.<\/a><\/p>\n","protected":false},"excerpt":{"rendered":"<p>Le ministre de la Culture, des Arts et du Tourisme, Abdoul Karim Sango, a proc\u00e9d\u00e9, le jeudi 5 septembre 2019, \u00e0 la remise de la vieille mosqu\u00e9e de Dioulassoba r\u00e9habilit\u00e9e, \u00e0 la communaut\u00e9 musulmane. Les fid\u00e8les musulmans de Bobo-Dioulasso pourront d\u00e9sormais prier \u00e0 la vieille mosqu\u00e9e de Dioulassoba. Apr\u00e8s la construction des hangars, les travaux [&hellip;]<\/p>\n","protected":false},"author":1816,"featured_media":0,"comment_status":"closed","ping_status":"closed","sticky":false,"template":"","format":"standard","meta":{"fifu_image_url":"","fifu_image_alt":"","footnotes":""},"categories":[73,81],"tags":[],"class_list":["post-60759","post","type-post","status-publish","format-standard","hentry","category-actualite","category-burkina-faso"],"_links":{"self":[{"href":"https:\/\/linitiative.ca\/International\/wp-json\/wp\/v2\/posts\/60759","targetHints":{"allow":["GET"]}}],"collection":[{"href":"https:\/\/linitiative.ca\/International\/wp-json\/wp\/v2\/posts"}],"about":[{"href":"https:\/\/linitiative.ca\/International\/wp-json\/wp\/v2\/types\/post"}],"author":[{"embeddable":true,"href":"https:\/\/linitiative.ca\/International\/wp-json\/wp\/v2\/users\/1816"}],"replies":[{"embeddable":true,"href":"https:\/\/linitiative.ca\/International\/wp-json\/wp\/v2\/comments?post=60759"}],"version-history":[{"count":0,"href":"https:\/\/linitiative.ca\/International\/wp-json\/wp\/v2\/posts\/60759\/revisions"}],"wp:attachment":[{"href":"https:\/\/linitiative.ca\/International\/wp-json\/wp\/v2\/media?parent=60759"}],"wp:term":[{"taxonomy":"category","embeddable":true,"href":"https:\/\/linitiative.ca\/International\/wp-json\/wp\/v2\/categories?post=60759"},{"taxonomy":"post_tag","embeddable":true,"href":"https:\/\/linitiative.ca\/International\/wp-json\/wp\/v2\/tags?post=60759"}],"curies":[{"name":"wp","href":"https:\/\/api.w.org\/{rel}","templated":true}]}}