{"id":60762,"date":"2019-09-10T13:04:10","date_gmt":"2019-09-10T17:04:10","guid":{"rendered":"https:\/\/linitiative.ca\/International\/uaco2019-la-cote-divoire-pays-invite-dhonneur\/"},"modified":"2019-09-10T13:04:10","modified_gmt":"2019-09-10T17:04:10","slug":"uaco2019-la-cote-divoire-pays-invite-dhonneur","status":"publish","type":"post","link":"https:\/\/linitiative.ca\/International\/uaco2019-la-cote-divoire-pays-invite-dhonneur\/","title":{"rendered":"UACO\u20192019\u00a0: La C\u00f4te d\u2019Ivoire, pays invit\u00e9 d\u2019honneur"},"content":{"rendered":"<div>\n<p>Le Ministre burkinab\u00e8 de la Communication et des Relations avec le Parlement, Porte-parole du Gouvernement, Monsieur R\u00e9mis Fulgance DANDJINOU, accompagn\u00e9 de son Directeur de Cabinet, Monsieur\u00a0 Adama COULIBALY, et de la Directrice g\u00e9n\u00e9rale des M\u00e9dias, Mme Alima FARTA\/OUEDRAOGO, ont eu une s\u00e9ance de travail, le lundi 09 septembre 2019 \u00e0 Abidjan, avec Monsieur Sidi Ti\u00e9moko TOURE, Ministre de la Communication et des M\u00e9dias, Porte-parole du Gouvernement ivoirien, assist\u00e9 \u00e9galement de ses plus proches collaborateurs.<\/p>\n<p>Au centre des \u00e9changes, R\u00e9mis Fulgance DANDJINOU, a indiqu\u00e9 qu\u2019il est porteur d\u2019une invitation \u00e0 son homologue ivoirien pour prendre part \u00e0 la 11<sup>\u00e8me<\/sup> \u00e9dition des Universit\u00e9s Africaines de la Communication de Ouagadougou (UACO) qui se tiendra du 26 au 28 novembre 2019 \u00e0 Ouagadougou. Une \u00e9dition plac\u00e9e sous le th\u00e8me,<\/p>\n<blockquote>\n<p><strong><em>\u00ab\u00a0Communication et G\u00e9opolitique\u00a0: Construire une autre image de l\u2019Afrique\u00a0\u00bb.<\/em><\/strong><\/p>\n<\/blockquote>\n<p>Selon le Ministre DANDJINOU, le choix et l\u2019objectif d\u2019un tel th\u00e8me visent \u00e0 am\u00e9liorer l\u2019image du continent africain v\u00e9hicul\u00e9 par les m\u00e9dias et les r\u00e9seaux sociaux. Le constat est que les images n\u00e9gatives diffus\u00e9es ont parfois pour relais ou inspirateurs des m\u00e9dias africains.\u00a0Pour le Ministre burkinab\u00e8 en charge de la Communication, \u00ab\u00a0<em>les enjeux sont d\u2019ordre culturel, social, politique, \u00e9conomique, professionnel et technologique (\u2026\u00a0). Cette biennale des communicateurs africains veut donc promouvoir davantage l\u2019image des pays dans le concert des nations<\/em>.\u00a0\u00bb R\u00e9mis Fulgance DANDJINOU a demand\u00e9 \u00e0 son homologue Sidi Ti\u00e9moko TOURE de mobiliser les experts et sommit\u00e9s ivoiriens dans les domaines de l\u2019information et des nouvelles technologies de la communication en vue d\u2019enrichir les d\u00e9bats lors de ce colloque.<\/p>\n<p>En r\u00e9ponse, le Ministre Sidi Ti\u00e9moko TOURE s\u2019est r\u00e9joui du choix du th\u00e8me et de son pays comme invit\u00e9 d\u2019honneur. Il a rassur\u00e9 son homologue burkinab\u00e8 sur la pleine participation de la C\u00f4te d\u2019Ivoire \u00e0 ce grand \u00e9v\u00e9nement. \u00ab\u00a0<em>Nous allons d\u00e9signer des personnes ressources pour un appui qualitatif \u00e0 la r\u00e9ussite des UACO<\/em> \u00bb, a-t-il indiqu\u00e9.<\/p>\n<p>En marge de cette s\u00e9ance de travail, le Ministre R\u00e9mis Fulgance DANDJINOU a rendu des visites de courtoisie \u00e0 l\u2019Ambassade et au Consulat g\u00e9n\u00e9ral du Burkina \u00e0 Abidjan.<\/p>\n<p>\u00a0<\/p>\n<p><strong><em>Issouf \u00a0Zabsonr\u00e9<\/em><\/strong><\/p>\n<p><strong><em>Attach\u00e9 de Presse<\/em><\/strong><\/p>\n<p><strong><em>Ambassade du Burkina<\/em><\/strong><\/p>\n<p><strong><em>Abidjan<\/em><\/strong><\/p>\n<p>L\u2019article <a rel=\"nofollow\" href=\"https:\/\/www.sidwaya.info\/blog\/2019\/09\/10\/uaco2019-la-cote-divoire-pays-invite-dhonneur\/\">UACO\u20192019\u00a0: La C\u00f4te d\u2019Ivoire, pays invit\u00e9 d\u2019honneur<\/a> est apparu en premier sur <a rel=\"nofollow\" href=\"https:\/\/www.sidwaya.info\/\">Quotidien Sidwaya<\/a>.<\/p>\n<\/div>\n<p>Auteur: BS. Sidwaya<br \/>\n<a href=\"https:\/\/www.sidwaya.info\/blog\/2019\/09\/10\/uaco2019-la-cote-divoire-pays-invite-dhonneur\/\">Cliquez ici pour lire l&rsquo;article depuis sa source.<\/a><\/p>\n","protected":false},"excerpt":{"rendered":"<p>Le Ministre burkinab\u00e8 de la Communication et des Relations avec le Parlement, Porte-parole du Gouvernement, Monsieur R\u00e9mis Fulgance DANDJINOU, accompagn\u00e9 de son Directeur de Cabinet, Monsieur\u00a0 Adama COULIBALY, et de la Directrice g\u00e9n\u00e9rale des M\u00e9dias, Mme Alima FARTA\/OUEDRAOGO, ont eu une s\u00e9ance de travail, le lundi 09 septembre 2019 \u00e0 Abidjan, avec Monsieur Sidi Ti\u00e9moko [&hellip;]<\/p>\n","protected":false},"author":1816,"featured_media":0,"comment_status":"closed","ping_status":"closed","sticky":false,"template":"","format":"standard","meta":{"fifu_image_url":"","fifu_image_alt":"","footnotes":""},"categories":[73,81],"tags":[],"class_list":["post-60762","post","type-post","status-publish","format-standard","hentry","category-actualite","category-burkina-faso"],"_links":{"self":[{"href":"https:\/\/linitiative.ca\/International\/wp-json\/wp\/v2\/posts\/60762","targetHints":{"allow":["GET"]}}],"collection":[{"href":"https:\/\/linitiative.ca\/International\/wp-json\/wp\/v2\/posts"}],"about":[{"href":"https:\/\/linitiative.ca\/International\/wp-json\/wp\/v2\/types\/post"}],"author":[{"embeddable":true,"href":"https:\/\/linitiative.ca\/International\/wp-json\/wp\/v2\/users\/1816"}],"replies":[{"embeddable":true,"href":"https:\/\/linitiative.ca\/International\/wp-json\/wp\/v2\/comments?post=60762"}],"version-history":[{"count":0,"href":"https:\/\/linitiative.ca\/International\/wp-json\/wp\/v2\/posts\/60762\/revisions"}],"wp:attachment":[{"href":"https:\/\/linitiative.ca\/International\/wp-json\/wp\/v2\/media?parent=60762"}],"wp:term":[{"taxonomy":"category","embeddable":true,"href":"https:\/\/linitiative.ca\/International\/wp-json\/wp\/v2\/categories?post=60762"},{"taxonomy":"post_tag","embeddable":true,"href":"https:\/\/linitiative.ca\/International\/wp-json\/wp\/v2\/tags?post=60762"}],"curies":[{"name":"wp","href":"https:\/\/api.w.org\/{rel}","templated":true}]}}