{"id":60763,"date":"2019-09-10T17:18:04","date_gmt":"2019-09-10T21:18:04","guid":{"rendered":"https:\/\/linitiative.ca\/International\/football-la-cote-divoire-bat-la-tunisie-en-match-amical-international-2-1\/"},"modified":"2019-09-10T17:18:04","modified_gmt":"2019-09-10T21:18:04","slug":"football-la-cote-divoire-bat-la-tunisie-en-match-amical-international-2-1","status":"publish","type":"post","link":"https:\/\/linitiative.ca\/International\/football-la-cote-divoire-bat-la-tunisie-en-match-amical-international-2-1\/","title":{"rendered":"Football: la C\u00f4te d\u2019Ivoire bat la Tunisie en match amical international (2-1)"},"content":{"rendered":"<div readability=\"32\">\n<p>Publi\u00e9 le 10.09.2019 \u00e0 22h18 par APA News<\/p>\n<\/div>\n<div readability=\"40\">\n<p>La s\u00e9lection ivoirienne de football a battu mardi soir ( 2-1) son homologue de la Tunisie au terme d\u2019un match amical international disput\u00e9 au stade Robert-Diochon en France.Les deux r\u00e9alisations ivoiriennes ont \u00e9t\u00e9 respectivement inscrites par Roger Assal\u00e9 ( 47\u00e8 minute) et Seko Fofana ( 75\u00e8 minute). Quant \u00e0 l\u2019unique but tunisien, il a \u00e9t\u00e9 l\u2019oeuvre de Na\u00efm Sliti \u00e0 la 89\u00e8 minute.\u00a0<\/p>\n<p>Vendredi dernier, les El\u00e9phants de C\u00f4te d\u2019Ivoire s\u2019\u00e9taient inclin\u00e9s ( 1-2) dans un autre match amical international face aux \u00e9cureuils du B\u00e9nin.<\/p>\n<\/div>\n<p>Auteur: APA News<br \/>\n<a href=\"https:\/\/www.journalducameroun.com\/football-la-cote-divoire-bat-la-tunisie-en-match-amical-international-2-1\/\">Cliquez ici pour lire l&rsquo;article depuis sa source.<\/a><\/p>\n","protected":false},"excerpt":{"rendered":"<p>Publi\u00e9 le 10.09.2019 \u00e0 22h18 par APA News La s\u00e9lection ivoirienne de football a battu mardi soir ( 2-1) son homologue de la Tunisie au terme d\u2019un match amical international disput\u00e9 au stade Robert-Diochon en France.Les deux r\u00e9alisations ivoiriennes ont \u00e9t\u00e9 respectivement inscrites par Roger Assal\u00e9 ( 47\u00e8 minute) et Seko Fofana ( 75\u00e8 minute). [&hellip;]<\/p>\n","protected":false},"author":1965,"featured_media":0,"comment_status":"closed","ping_status":"closed","sticky":false,"template":"","format":"standard","meta":{"fifu_image_url":"","fifu_image_alt":"","footnotes":""},"categories":[73,82],"tags":[],"class_list":["post-60763","post","type-post","status-publish","format-standard","hentry","category-actualite","category-cameroun"],"_links":{"self":[{"href":"https:\/\/linitiative.ca\/International\/wp-json\/wp\/v2\/posts\/60763","targetHints":{"allow":["GET"]}}],"collection":[{"href":"https:\/\/linitiative.ca\/International\/wp-json\/wp\/v2\/posts"}],"about":[{"href":"https:\/\/linitiative.ca\/International\/wp-json\/wp\/v2\/types\/post"}],"author":[{"embeddable":true,"href":"https:\/\/linitiative.ca\/International\/wp-json\/wp\/v2\/users\/1965"}],"replies":[{"embeddable":true,"href":"https:\/\/linitiative.ca\/International\/wp-json\/wp\/v2\/comments?post=60763"}],"version-history":[{"count":0,"href":"https:\/\/linitiative.ca\/International\/wp-json\/wp\/v2\/posts\/60763\/revisions"}],"wp:attachment":[{"href":"https:\/\/linitiative.ca\/International\/wp-json\/wp\/v2\/media?parent=60763"}],"wp:term":[{"taxonomy":"category","embeddable":true,"href":"https:\/\/linitiative.ca\/International\/wp-json\/wp\/v2\/categories?post=60763"},{"taxonomy":"post_tag","embeddable":true,"href":"https:\/\/linitiative.ca\/International\/wp-json\/wp\/v2\/tags?post=60763"}],"curies":[{"name":"wp","href":"https:\/\/api.w.org\/{rel}","templated":true}]}}