{"id":60764,"date":"2019-09-10T17:18:07","date_gmt":"2019-09-10T21:18:07","guid":{"rendered":"https:\/\/linitiative.ca\/International\/les-partis-de-gbagbo-et-bedie-annoncent-un-meeting-conjoint-samedi-a-abidjan\/"},"modified":"2019-09-10T17:18:07","modified_gmt":"2019-09-10T21:18:07","slug":"les-partis-de-gbagbo-et-bedie-annoncent-un-meeting-conjoint-samedi-a-abidjan","status":"publish","type":"post","link":"https:\/\/linitiative.ca\/International\/les-partis-de-gbagbo-et-bedie-annoncent-un-meeting-conjoint-samedi-a-abidjan\/","title":{"rendered":"Les partis de Gbagbo et B\u00e9di\u00e9 annoncent un meeting conjoint samedi \u00e0 Abidjan"},"content":{"rendered":"<div readability=\"32\">\n<p>Publi\u00e9 le 10.09.2019 \u00e0 22h18 par APA News<\/p>\n<\/div>\n<div readability=\"98\">\n<p>Le parti d\u00e9mocratique de C\u00f4te d\u2019Ivoire ( PDCI, ex-alli\u00e9 au pouvoir) pr\u00e9sid\u00e9 par Henri Konan B\u00e9di\u00e9 et la branche radicale du Front populaire ivoirien ( FPI, opposition) dirig\u00e9e par Laurent Gbagbo, ont annonc\u00e9 mardi \u00e0 Abidjan la tenue d\u2019un meeting conjoint des deux partis pr\u00e9vu samedi prochain dans la zone sud de la capitale \u00e9conomique ivoirienne.\u00ab Le meeting conjoint d\u2019Abidjan sud pr\u00e9vu le \u00a0samedi 14 septembre prochain est une occasion solennelle d\u2019un nouveau d\u00e9part que nous voulons prendre ensemble pour sauver la C\u00f4te d\u2019Ivoire du chaos dans lequel les gouvernants actuels veulent l\u2019enfermer \u00bb, a dit dans une conf\u00e9rence de presse conjointe M. Kon\u00e9 Boubacar au nom des directions du \u00ab FPI de Gbagbo \u00bb, son parti, \u00a0et du PDCI repr\u00e9sent\u00e9 par Brahima Kamagat\u00e9, l\u2019un de ses secr\u00e9taires ex\u00e9cutifs.\u00a0<\/p>\n<p>Selon M. Kon\u00e9, ce meeting conjoint FPI-PDCI est l\u2019aboutissement de la volont\u00e9 des ex-pr\u00e9sidents ivoiriens Laurent Gbagbo et Henri Konan B\u00e9di\u00e9 qui ont lanc\u00e9 un appel \u00e0 la r\u00e9conciliation des ivoiriens depuis leur rencontre historique \u00e0 Bruxelles le 29 juillet dernier.\u00a0<\/p>\n<p>\u00ab C\u2019est dans la mise en oeuvre de cet appel conjoint de Bruxelles des deux personnalit\u00e9s que ces partis ont entrepris de mener des actions conjointes sur le terrain\u00bb, a-t-il expliqu\u00e9, soulignant l\u2019urgence de la r\u00e9conciliation nationale en C\u00f4te d\u2019Ivoire.\u00a0<\/p>\n<p>De son c\u00f4t\u00e9, Brahima Kamagat\u00e9, le vice-pr\u00e9sident du parti de B\u00e9di\u00e9 charg\u00e9 de la jeunesse a expliqu\u00e9 \u00a0que le lieu exact du meeting conjoint de ces deux formations politiques phares de l\u2019opposition ivoirienne, sera connu mercredi.\u00a0<\/p>\n<p>\u00ab Nous avions souhait\u00e9 tenir ce meeting au stade Robert Champroux de Marcory. Mais le ministre des sports qui nous a re\u00e7u ce matin, a indiqu\u00e9 que ce stade est ferm\u00e9 pour des travaux depuis un mois. Le ministre et ses services sont \u00a0\u00e0 pieds d\u2019oeuvre pour nous trouver un autre site \u00bb, a fait savoir M. Kamagat\u00e9 assurant que \u00ab quoi qu\u2019il en soit, ce meeting aura lieu \u00e0 Abidjan sud \u00bb.\u00a0<\/p>\n<p>\u00a0R\u00e9pondant \u00e0 la question d\u2019un journaliste sur les rapports de son parti avec Pascal Affi N\u2019Guessan, le pr\u00e9sident statutaire du FPI, M. Kamagat\u00e9 a affirm\u00e9 que \u00ab pour le PDCI, le pr\u00e9sident du FPI s\u2019appelle Laurent Gbagbo et pour nous la question d\u2019Affi N\u2019Guessan est derri\u00e8re nous\u00bb.<\/p>\n<p>\u00a0Quant \u00e0 l\u2019appartenance de Guillaume Soro, l\u2019ancien pr\u00e9sident du parlement ivoirien \u00e0 la Coalition pour la d\u00e9mocratie, la r\u00e9conciliation et la paix ( CDRP, plateforme de l\u2019opposition mise en place par M. B\u00e9di\u00e9), l\u2019\u00e9missaire du PDCI a soutenu que ce dernier y fait partie car tous les partis se reconnaissant en lui sont membres.\u00a0<\/p>\n<p>Depuis sa rupture avec le Rassemblement des Houphou\u00ebtistes pour la d\u00e9mocratie et la paix (RHDP), la coalition au pouvoir, M. B\u00e9di\u00e9 s\u2019est rapproch\u00e9 du FPI de Laurent Gbagbo apr\u00e8s une rencontre avec ce dernier fin \u00a0juillet dernier \u00e0 Bruxelles en Belgique.<\/p>\n<p>\u00a0Les deux hommes qui \u00a0ont d\u00e9cid\u00e9 de mener des actions conjointes ont appel\u00e9 \u00e0 la mise en place d\u2019une plateforme non id\u00e9ologique regroupant plusieurs organisations politiques de l\u2019opposition. A terme, selon leurs partis respectifs, ce rapprochement entre MM. B\u00e9di\u00e9 et Gbagbo \u00a0pourrait aboutir \u00e0 une alliance contre le RHDP d\u2019Alassane Ouattara pour la pr\u00e9sidentielle ivoirienne de 2020.<\/p>\n<\/div>\n<p>Auteur: APA News<br \/>\n<a href=\"https:\/\/www.journalducameroun.com\/les-partis-de-gbagbo-et-bedie-annoncent-un-meeting-conjoint-samedi-a-abidjan\/\">Cliquez ici pour lire l&rsquo;article depuis sa source.<\/a><\/p>\n","protected":false},"excerpt":{"rendered":"<p>Publi\u00e9 le 10.09.2019 \u00e0 22h18 par APA News Le parti d\u00e9mocratique de C\u00f4te d\u2019Ivoire ( PDCI, ex-alli\u00e9 au pouvoir) pr\u00e9sid\u00e9 par Henri Konan B\u00e9di\u00e9 et la branche radicale du Front populaire ivoirien ( FPI, opposition) dirig\u00e9e par Laurent Gbagbo, ont annonc\u00e9 mardi \u00e0 Abidjan la tenue d\u2019un meeting conjoint des deux partis pr\u00e9vu samedi prochain [&hellip;]<\/p>\n","protected":false},"author":1965,"featured_media":0,"comment_status":"closed","ping_status":"closed","sticky":false,"template":"","format":"standard","meta":{"fifu_image_url":"","fifu_image_alt":"","footnotes":""},"categories":[73,82],"tags":[],"class_list":["post-60764","post","type-post","status-publish","format-standard","hentry","category-actualite","category-cameroun"],"_links":{"self":[{"href":"https:\/\/linitiative.ca\/International\/wp-json\/wp\/v2\/posts\/60764","targetHints":{"allow":["GET"]}}],"collection":[{"href":"https:\/\/linitiative.ca\/International\/wp-json\/wp\/v2\/posts"}],"about":[{"href":"https:\/\/linitiative.ca\/International\/wp-json\/wp\/v2\/types\/post"}],"author":[{"embeddable":true,"href":"https:\/\/linitiative.ca\/International\/wp-json\/wp\/v2\/users\/1965"}],"replies":[{"embeddable":true,"href":"https:\/\/linitiative.ca\/International\/wp-json\/wp\/v2\/comments?post=60764"}],"version-history":[{"count":0,"href":"https:\/\/linitiative.ca\/International\/wp-json\/wp\/v2\/posts\/60764\/revisions"}],"wp:attachment":[{"href":"https:\/\/linitiative.ca\/International\/wp-json\/wp\/v2\/media?parent=60764"}],"wp:term":[{"taxonomy":"category","embeddable":true,"href":"https:\/\/linitiative.ca\/International\/wp-json\/wp\/v2\/categories?post=60764"},{"taxonomy":"post_tag","embeddable":true,"href":"https:\/\/linitiative.ca\/International\/wp-json\/wp\/v2\/tags?post=60764"}],"curies":[{"name":"wp","href":"https:\/\/api.w.org\/{rel}","templated":true}]}}