{"id":60776,"date":"2019-09-11T08:34:22","date_gmt":"2019-09-11T12:34:22","guid":{"rendered":"https:\/\/linitiative.ca\/International\/al-omrane-veut-redynamiser-le-logement-a-140-000-dh\/"},"modified":"2019-09-11T08:34:22","modified_gmt":"2019-09-11T12:34:22","slug":"al-omrane-veut-redynamiser-le-logement-a-140-000-dh","status":"publish","type":"post","link":"https:\/\/linitiative.ca\/International\/al-omrane-veut-redynamiser-le-logement-a-140-000-dh\/","title":{"rendered":"Al Omrane veut redynamiser le logement \u00e0 140.000 DH"},"content":{"rendered":"<header readability=\"1.28417266187\">\n<\/header>\n<div class=\"entry-content clearfix\" readability=\"40\"><img decoding=\"async\" class=\"post_layout_5_img\" src=\"http:\/\/aujourdhui.ma\/wp-content\/uploads\/2018\/02\/Al-Omrane.jpg?x29840\" alt=\"Al Omrane veut redynamiser le logement \u00e0 140.000 DH\"\/><\/p>\n<p><span class=\"c4\"><strong>Le groupe immobilier public Al Omrane tente de dynamiser le segment du logement dit \u00e0 faible VIT, connu commun\u00e9ment sous l\u2019appellation des logements \u00e0 140.000 DH.<\/strong><\/span><span id=\"more-317897\"\/><\/p>\n<p>Pour cela, une rencontre avec les promoteurs immobiliers a \u00e9t\u00e9 programm\u00e9e \u00e0 F\u00e8s dans les jours qui viennent pour les sensibiliser \u00e0 la n\u00e9cessit\u00e9 d\u2019investir ce cr\u00e9neau. La rencontre se tiendra \u00e0 la fin de cette semaine \u00e0 la Wilaya de F\u00e8s en pr\u00e9sence du Wali de la r\u00e9gion et du ministre de l\u2019habitat.<\/p>\n<\/div>\n<p>Auteur: ALM<br \/>\n<a href=\"http:\/\/aujourdhui.ma\/economie\/immobilier\/al-omrane-veut-redynamiser-le-logement-a-140-000-dh\">Cliquez ici pour lire l&rsquo;article depuis sa source.<\/a><\/p>\n","protected":false},"excerpt":{"rendered":"<p>Le groupe immobilier public Al Omrane tente de dynamiser le segment du logement dit \u00e0 faible VIT, connu commun\u00e9ment sous l\u2019appellation des logements \u00e0 140.000 DH. Pour cela, une rencontre avec les promoteurs immobiliers a \u00e9t\u00e9 programm\u00e9e \u00e0 F\u00e8s dans les jours qui viennent pour les sensibiliser \u00e0 la n\u00e9cessit\u00e9 d\u2019investir ce cr\u00e9neau. La rencontre [&hellip;]<\/p>\n","protected":false},"author":1759,"featured_media":0,"comment_status":"closed","ping_status":"closed","sticky":false,"template":"","format":"standard","meta":{"fifu_image_url":"","fifu_image_alt":"","footnotes":""},"categories":[73,54],"tags":[],"class_list":["post-60776","post","type-post","status-publish","format-standard","hentry","category-actualite","category-maroc"],"_links":{"self":[{"href":"https:\/\/linitiative.ca\/International\/wp-json\/wp\/v2\/posts\/60776","targetHints":{"allow":["GET"]}}],"collection":[{"href":"https:\/\/linitiative.ca\/International\/wp-json\/wp\/v2\/posts"}],"about":[{"href":"https:\/\/linitiative.ca\/International\/wp-json\/wp\/v2\/types\/post"}],"author":[{"embeddable":true,"href":"https:\/\/linitiative.ca\/International\/wp-json\/wp\/v2\/users\/1759"}],"replies":[{"embeddable":true,"href":"https:\/\/linitiative.ca\/International\/wp-json\/wp\/v2\/comments?post=60776"}],"version-history":[{"count":0,"href":"https:\/\/linitiative.ca\/International\/wp-json\/wp\/v2\/posts\/60776\/revisions"}],"wp:attachment":[{"href":"https:\/\/linitiative.ca\/International\/wp-json\/wp\/v2\/media?parent=60776"}],"wp:term":[{"taxonomy":"category","embeddable":true,"href":"https:\/\/linitiative.ca\/International\/wp-json\/wp\/v2\/categories?post=60776"},{"taxonomy":"post_tag","embeddable":true,"href":"https:\/\/linitiative.ca\/International\/wp-json\/wp\/v2\/tags?post=60776"}],"curies":[{"name":"wp","href":"https:\/\/api.w.org\/{rel}","templated":true}]}}