{"id":60777,"date":"2019-09-11T08:39:24","date_gmt":"2019-09-11T12:39:24","guid":{"rendered":"https:\/\/linitiative.ca\/International\/le-nouveau-port-de-safi-operationnel-depuis-le-27-aout\/"},"modified":"2019-09-11T08:39:24","modified_gmt":"2019-09-11T12:39:24","slug":"le-nouveau-port-de-safi-operationnel-depuis-le-27-aout","status":"publish","type":"post","link":"https:\/\/linitiative.ca\/International\/le-nouveau-port-de-safi-operationnel-depuis-le-27-aout\/","title":{"rendered":"Le nouveau port de Safi op\u00e9rationnel depuis le 27 ao\u00fbt"},"content":{"rendered":"<header readability=\"1.30714285714\">\n<\/header>\n<div class=\"entry-content clearfix\" readability=\"46\"><img decoding=\"async\" class=\"post_layout_5_img\" src=\"http:\/\/aujourdhui.ma\/wp-content\/uploads\/2017\/08\/Safi-port.jpg?x29840\" alt=\"Le nouveau port de Safi op\u00e9rationnel depuis le 27 ao\u00fbt\"\/><\/p>\n<p><span class=\"c4\"><strong>Apr\u00e8s les d\u00e9boires qu\u2019avait connu le chantier de construction du nouveau port de Safi, ce dernier vient enfin d\u2019\u00eatre ouvert \u00e0 l\u2019exploitation. Le ministre de l\u2019\u00e9quipement, Abdelkader Amara, a sign\u00e9 le 27 ao\u00fbt le l\u2019arr\u00eat\u00e9 de mise en service qui a \u00e9t\u00e9 publi\u00e9 au Bulletin officiel du 2 septembre.<\/strong><\/span><span id=\"more-317899\"\/><\/p>\n<p>Situ\u00e9 \u00e0 20 km au sud de Safi, le nouveau port, dont les travaux ont d\u00e9marr\u00e9 en 2013, devrait servir essentiellement \u00e0 l\u2019importation du charbon n\u00e9cessaire au fonctionnement de la nouvelle station thermique de l\u2019ONEE \u00e0 Safi en offrant \u00e9galement une capacit\u00e9 importante pour le trafic d\u2019import-export li\u00e9 \u00e0 l\u2019industrie chimique du Groupe OCP.<\/p>\n<\/div>\n<p>Auteur: ALM<br \/>\n<a href=\"http:\/\/aujourdhui.ma\/economie\/le-nouveau-port-de-safi-operationnel-depuis-le-27-aout\">Cliquez ici pour lire l&rsquo;article depuis sa source.<\/a><\/p>\n","protected":false},"excerpt":{"rendered":"<p>Apr\u00e8s les d\u00e9boires qu\u2019avait connu le chantier de construction du nouveau port de Safi, ce dernier vient enfin d\u2019\u00eatre ouvert \u00e0 l\u2019exploitation. Le ministre de l\u2019\u00e9quipement, Abdelkader Amara, a sign\u00e9 le 27 ao\u00fbt le l\u2019arr\u00eat\u00e9 de mise en service qui a \u00e9t\u00e9 publi\u00e9 au Bulletin officiel du 2 septembre. Situ\u00e9 \u00e0 20 km au sud [&hellip;]<\/p>\n","protected":false},"author":1759,"featured_media":0,"comment_status":"closed","ping_status":"closed","sticky":false,"template":"","format":"standard","meta":{"fifu_image_url":"","fifu_image_alt":"","footnotes":""},"categories":[73,54],"tags":[],"class_list":["post-60777","post","type-post","status-publish","format-standard","hentry","category-actualite","category-maroc"],"_links":{"self":[{"href":"https:\/\/linitiative.ca\/International\/wp-json\/wp\/v2\/posts\/60777","targetHints":{"allow":["GET"]}}],"collection":[{"href":"https:\/\/linitiative.ca\/International\/wp-json\/wp\/v2\/posts"}],"about":[{"href":"https:\/\/linitiative.ca\/International\/wp-json\/wp\/v2\/types\/post"}],"author":[{"embeddable":true,"href":"https:\/\/linitiative.ca\/International\/wp-json\/wp\/v2\/users\/1759"}],"replies":[{"embeddable":true,"href":"https:\/\/linitiative.ca\/International\/wp-json\/wp\/v2\/comments?post=60777"}],"version-history":[{"count":0,"href":"https:\/\/linitiative.ca\/International\/wp-json\/wp\/v2\/posts\/60777\/revisions"}],"wp:attachment":[{"href":"https:\/\/linitiative.ca\/International\/wp-json\/wp\/v2\/media?parent=60777"}],"wp:term":[{"taxonomy":"category","embeddable":true,"href":"https:\/\/linitiative.ca\/International\/wp-json\/wp\/v2\/categories?post=60777"},{"taxonomy":"post_tag","embeddable":true,"href":"https:\/\/linitiative.ca\/International\/wp-json\/wp\/v2\/tags?post=60777"}],"curies":[{"name":"wp","href":"https:\/\/api.w.org\/{rel}","templated":true}]}}