{"id":60779,"date":"2019-09-11T06:52:16","date_gmt":"2019-09-11T10:52:16","guid":{"rendered":"https:\/\/linitiative.ca\/International\/les-activites-paralleles-du-tourisme-dans-le-souss\/"},"modified":"2019-09-11T06:52:16","modified_gmt":"2019-09-11T10:52:16","slug":"les-activites-paralleles-du-tourisme-dans-le-souss","status":"publish","type":"post","link":"https:\/\/linitiative.ca\/International\/les-activites-paralleles-du-tourisme-dans-le-souss\/","title":{"rendered":"Les activit\u00e9s parall\u00e8les du tourisme dans le Souss!"},"content":{"rendered":"<p class=\"c4\"><span class=\"c3\"><strong><span class=\"c2\">D<\/span>ans une destination comme Agadir, consid\u00e9r\u00e9e par les experts en la mati\u00e8re, comme l\u2019une des stations baln\u00e9aires les plus prises de la plan\u00e8te, le secteur du tourisme \u00e9prouve beaucoup de peine \u00e0 redresser les m\u00e2ts de la navigation \u00e0 bon port. Il est bien \u00e9vident que, depuis son d\u00e9barquement sur la capitale du Souss, le Wali s\u2019y mettait d\u2019arrache-pied afin de contribuer \u00e0 redorer le blason du domaine, en chute libre.<\/strong><\/span><\/p>\n<p class=\"c4\">Pour ce faire, il rassemblait toute la communaut\u00e9 du tourisme, en faisant vivement appel au savoir-faire des t\u00e9nors aguerris du secteur dont l\u2019apport s\u2019av\u00e9rait, en fait, fort d\u00e9terminant pour remettre d\u2019aplomb la structure f\u00e9d\u00e9ratrice qu\u2019est le Conseil R\u00e9gional du Tourisme (CRT). Apr\u00e8s d\u2019\u00e2pres consultations au sein de cette instance, men\u00e9es de main de ma\u00eetre par le chef de file de la r\u00e9gion, le d\u00e9nouement ne tardait pas \u00e0 s\u2019installer, \u00e0 la grande r\u00e9jouissance des multiples intervenants, toutes cat\u00e9gories confondues.<\/p>\n<p class=\"c4\">Et puis, ce fut une vieille figure de proue du secteur de la r\u00e9gion qui d\u00e9tint les r\u00eanes aux harnais ardues pour le remettre en selle et d\u00e9faire ses divers n\u0153uds. Rachid Dahmaz, puisqu\u2019il s\u2019agit de lui, prit les commandes de la \u00abr\u00e9publique id\u00e9ale\u00bb de Platon et s\u2019embarque tenter la grande aventure. Empreint d\u2019un temp\u00e9rament sto\u00efcien, le nouveau pr\u00e9sident s\u2019apparente \u00e0 la mission avec punch, en compagnie de nombre de partenaires.<\/p>\n<p class=\"c4\">Son entrain gagneur par lequel il a fait ses preuves en tant que voyagiste \u00e0 Agadir, ensuite op\u00e9rateur h\u00f4telier \u00e0 Sa\u00efdia, l\u2019incite aujourd\u2019hui \u00e0 s\u2019insurger contre les \u00e9lus qui tentent de le contraindre \u00e0 d\u00e9penser selon leur bon vouloir, les subventions allou\u00e9es au CRT. En effet, ces fonds mis \u00e0 la disposition de cette structure associative b\u00e9n\u00e9vole, seuls les professionnels du tourisme ont la latitude d\u2019en faire usage, loin de toute immixtion des donneurs.<\/p>\n<p class=\"c4\">Par ailleurs, si l\u2019industrie touristique est en passe de rehausser ardemment le volet h\u00f4tellerie, aussi bien \u00e0 Agadir qu\u2019\u00e0 Taghazout en constant chantier, au regard des r\u00e9habilitations en interne, les activit\u00e9s parall\u00e8les semblent broyer du pain noir. On citera, \u00e0 cet \u00e9gard, la d\u00e9cadence des agences de voyage dont le parc s\u2019est affreusement amenuis\u00e9 et, de ce fait, influe n\u00e9gativement sur la cadence des visites et excursions dans l\u2019arri\u00e8re-pays.<\/p>\n<p class=\"c4\">On croit bien savoir qu\u2019on est pass\u00e9 autrefois, de plus de 150 agences \u00e0 une vingtaine qui vivote encore, sous l\u2019effet nocif du All Inclusive. De m\u00eame, l\u2019activit\u00e9 artisanale, jadis hupp\u00e9e et florissante, s\u2019estompe au fil du temps, \u00e0 tel point qu\u2019une kyrielle de bazaristes ferme boutique et jette les cl\u00e9s sous le paillasson. Enfin, la restauration, levier nodal du secteur, se d\u00e9bat dans une anarchie abyssale. Une s\u00e9rie d\u2019associations s\u2019\u00e9rige en espace int\u00e9grateur de ce maillon gastronomique, mais, aucune d\u2019elle n\u2019a pu f\u00e9d\u00e9rer les professionnels de l\u2019art culinaire. Pis encore, cette multitude associative s\u2019est lanc\u00e9e dans des rixes intestines, portant pr\u00e9judice \u00e0 cette cat\u00e9gorie sp\u00e9cialis\u00e9e et, partout, \u00e0 tout le secteur du tourisme.<\/p>\n<p class=\"c4\">Cette d\u00e9bandade d\u00e9solante \u00e0 inciter nombre de suppos\u00e9s professionnels du m\u00e9tier \u00e0 transformer leurs bo\u00eetes en cabarets suffocants o\u00f9 le chicha et d\u2019autres vices de \u00abd\u00e9bauche\u00bb battent leur plein. Ces restaurants d\u00e9guis\u00e9s \u00ab\u00e0 vocation touristique\u00bb mal entretenus, empestent le secteur et d\u00e9gagent une image piteuse \u00e0 la station. Mais, il convient de soustraire de cette pagaille une flop\u00e9e de restaurateurs qui se respectent et offrent un produit de table savamment et amoureusement pr\u00e9par\u00e9. C\u2019est avec ces gens-l\u00e0, \u00e0 la fois civiques et consciencieux, qu\u2019on pourrait constituer un front alternatif et coh\u00e9rent pour relever le registre de ce cha\u00eenon incontournable de la chose touristique.<\/p>\n<p>Auteur: M&rsquo;hammed rahal<br \/>\n<a href=\"http:\/\/albayane.press.ma\/les-activites-paralleles-du-tourisme-dans-le-souss.html\">Cliquez ici pour lire l&rsquo;article depuis sa source.<\/a><\/p>\n","protected":false},"excerpt":{"rendered":"<p>Dans une destination comme Agadir, consid\u00e9r\u00e9e par les experts en la mati\u00e8re, comme l\u2019une des stations baln\u00e9aires les plus prises de la plan\u00e8te, le secteur du tourisme \u00e9prouve beaucoup de peine \u00e0 redresser les m\u00e2ts de la navigation \u00e0 bon port. Il est bien \u00e9vident que, depuis son d\u00e9barquement sur la capitale du Souss, le [&hellip;]<\/p>\n","protected":false},"author":1760,"featured_media":0,"comment_status":"closed","ping_status":"closed","sticky":false,"template":"","format":"standard","meta":{"fifu_image_url":"","fifu_image_alt":"","footnotes":""},"categories":[73,54],"tags":[],"class_list":["post-60779","post","type-post","status-publish","format-standard","hentry","category-actualite","category-maroc"],"_links":{"self":[{"href":"https:\/\/linitiative.ca\/International\/wp-json\/wp\/v2\/posts\/60779","targetHints":{"allow":["GET"]}}],"collection":[{"href":"https:\/\/linitiative.ca\/International\/wp-json\/wp\/v2\/posts"}],"about":[{"href":"https:\/\/linitiative.ca\/International\/wp-json\/wp\/v2\/types\/post"}],"author":[{"embeddable":true,"href":"https:\/\/linitiative.ca\/International\/wp-json\/wp\/v2\/users\/1760"}],"replies":[{"embeddable":true,"href":"https:\/\/linitiative.ca\/International\/wp-json\/wp\/v2\/comments?post=60779"}],"version-history":[{"count":0,"href":"https:\/\/linitiative.ca\/International\/wp-json\/wp\/v2\/posts\/60779\/revisions"}],"wp:attachment":[{"href":"https:\/\/linitiative.ca\/International\/wp-json\/wp\/v2\/media?parent=60779"}],"wp:term":[{"taxonomy":"category","embeddable":true,"href":"https:\/\/linitiative.ca\/International\/wp-json\/wp\/v2\/categories?post=60779"},{"taxonomy":"post_tag","embeddable":true,"href":"https:\/\/linitiative.ca\/International\/wp-json\/wp\/v2\/tags?post=60779"}],"curies":[{"name":"wp","href":"https:\/\/api.w.org\/{rel}","templated":true}]}}