{"id":60780,"date":"2019-09-11T06:56:59","date_gmt":"2019-09-11T10:56:59","guid":{"rendered":"https:\/\/linitiative.ca\/International\/amerique-latine-la-cause-nationale-obtient-gain-de-cause-la-these-separatiste-agonise\/"},"modified":"2019-09-11T06:56:59","modified_gmt":"2019-09-11T10:56:59","slug":"amerique-latine-la-cause-nationale-obtient-gain-de-cause-la-these-separatiste-agonise","status":"publish","type":"post","link":"https:\/\/linitiative.ca\/International\/amerique-latine-la-cause-nationale-obtient-gain-de-cause-la-these-separatiste-agonise\/","title":{"rendered":"Am\u00e9rique latine: La cause nationale obtient gain de cause, la th\u00e8se s\u00e9paratiste agonise"},"content":{"rendered":"<p class=\"c4\"><span class=\"c3\"><strong><span class=\"c2\">A<\/span> la faveur d\u2019une vision royale innovante en mati\u00e8re de coop\u00e9ration sud-sud et d\u2019une dynamique diplomatique proactive, la cause nationale continue d\u2019engranger de probants succ\u00e8s partout en Am\u00e9rique latine, alors que la th\u00e8se s\u00e9paratiste agonise.<\/strong><\/span><\/p>\n<p class=\"c4\">Sous la conduite de SM le Roi Mohammed VI, le Maroc jouit d\u00e9sormais du soutien des gouvernements, des parlements et des organisations de la soci\u00e9t\u00e9 civile des pays de la r\u00e9gion en faveur de la marocanit\u00e9 du Sahara et de la souverainet\u00e9 du Royaume sur l\u2019ensemble de son territoire.<br \/>C\u2019est gr\u00e2ce aussi \u00e0 cette action diplomatique vigoureuse que la pertinence du plan d\u2019autonomie au Sahara en tant que seule solution viable et r\u00e9aliste est unanimement salu\u00e9e dans les diff\u00e9rentes capitales d\u2019Am\u00e9rique latine.<br \/>Dernier succ\u00e8s en date : l\u2019adoption par le S\u00e9nat f\u00e9d\u00e9ral br\u00e9silien, \u00e0 une large majorit\u00e9, d\u2019une motion de soutien \u00e0 l\u2019initiative marocaine d\u2019autonomie pour les provinces du Sud, qui \u00abrespecte l\u2019int\u00e9grit\u00e9 territoriale et la souverainet\u00e9 nationale du Royaume\u00bb.<br \/>Le Pr\u00e9sident du S\u00e9nat, Davi Alcolumbre, qui avait re\u00e7u en juin dernier le Ministre des Affaires \u00c9trang\u00e8res et de la Coop\u00e9ration Internationale, M. Nasser Bourita, a adress\u00e9, mercredi dernier au Ministre br\u00e9silien des Relations ext\u00e9rieures, cette motion d\u2019appui \u00e0 l\u2019initiative d\u2019autonomie pr\u00e9sent\u00e9e par le Maroc.<br \/>M. Alcolumbre avait d\u2019ailleurs, \u00e0 cette occasion, hautement salu\u00e9 le leadership de SM le Roi, Commandeur des Croyants, en tant que garant du libre exercice des cultes, tout en mettant en exergue les valeurs de coexistence entre les religions qui font la sp\u00e9cificit\u00e9 de l\u2019identit\u00e9 marocaine, enrichie par ses affluents africains, andalous, h\u00e9bra\u00efques et m\u00e9diterran\u00e9ens.<br \/>Ainsi, en plus d\u2019accompagner le renforcement du partenariat entre le Maroc et le Br\u00e9sil, cette motion r\u00e9pond \u00e0 une longue tradition diplomatique du Br\u00e9sil \u00e0 \u0153uvrer pour la r\u00e9solution des diff\u00e9rends en d\u00e9fendant les causes justes dans le cadre du dialogue et de la paix, a indiqu\u00e9 \u00e0 la MAP le s\u00e9nateur Nelsinho Trad, pr\u00e9sident de la Commission des relations ext\u00e9rieures et de la d\u00e9fense nationale au S\u00e9nat f\u00e9d\u00e9ral.<br \/>La motion vient couronner un long processus durant lequel le Br\u00e9sil exprime un soutien clair et massif en faveur d\u2019une solution politique au diff\u00e9rend artificiel autour du Sahara marocain, avec le plan d\u2019autonomie comme cadre pertinent pour atteindre cet objectif.<br \/>Le 13 juin dernier, le ministre des Relations ext\u00e9rieures du Br\u00e9sil, Ernesto Araujo, avait lui aussi affirm\u00e9 \u00e0 l\u2019occasion de la visite \u00e0 Bras\u00edlia du ministre des Affaires \u00e9trang\u00e8res et de la coop\u00e9ration internationale, Nasser Bourita, que \u00able Br\u00e9sil soutient les efforts du Maroc pour parvenir \u00e0 une solution r\u00e9aliste \u00e0 la question du Sahara et est dispos\u00e9 \u00e0 contribuer aux diff\u00e9rents efforts visant \u00e0 parvenir \u00e0 des solutions allant au-del\u00e0 de la rh\u00e9torique\u00bb.<br \/>Cet appui franc \u00e0 la cause nationale est \u00e0 inscrire dans un engagement des pays latino-am\u00e9ricains en faveur de l\u2019int\u00e9grit\u00e9 territoriale du Royaume, \u00e0 sa souverainet\u00e9 nationale et \u00e0 son initiative d\u2019autonomie.<br \/>Ce soutien intervient quelques semaines apr\u00e8s la tourn\u00e9e en Am\u00e9rique latine du ministre marocain des Affaires \u00e9trang\u00e8res et de la Coop\u00e9ration internationale.<br \/>Dans la foul\u00e9e, de nombreux pays d\u2019Am\u00e9rique latine, ont pris conscience du fait que le \u00abpolisario\u00bb et ses mentors n\u2019ont rien d\u2019autre \u00e0 pr\u00e9senter que des discours id\u00e9ologiques d\u00e9pass\u00e9s et obsol\u00e8tes.<br \/>Ainsi, le Chili a exprim\u00e9, son \u00absoutien aux efforts s\u00e9rieux du Maroc et au plan d\u2019autonomie en vue de parvenir \u00e0 une solution politique r\u00e9aliste, viable et d\u00e9finitive\u00bb \u00e0 la question du Sahara.<br \/>De son c\u00f4t\u00e9, le Suriname a r\u00e9it\u00e9r\u00e9 sa d\u00e9cision de retirer sa reconnaissance de la r\u00e9publique fantomatique, tout en exprimant son appui \u00e0 une solution politique d\u00e9finitive au diff\u00e9rend r\u00e9gional sur le Sahara dans le cadre de la souverainet\u00e9 du Maroc et de son int\u00e9grit\u00e9 territoriale.<br \/>Qui plus est, la position r\u00e9cente du Salvador annon\u00e7ant le retrait de sa reconnaissance de la pr\u00e9tendue r\u00e9publique et la rupture de toute relation avec le \u00abpolisario\u00bb, \u00abune entit\u00e9 virtuelle\u00bb, a \u00e9t\u00e9 un autre coup dur essuy\u00e9 par la pseudo \u00abrasd\u00bb, qui jusqu\u2019\u00e0 un pass\u00e9 r\u00e9cent laissait libre cours \u00e0 ses mensonges et all\u00e9gations sur la question du Sahara marocain.<br \/>Force est de constater que ces d\u00e9veloppements renforcent les relations du Maroc avec l\u2019Am\u00e9rique latine et consacrent la cr\u00e9dibilit\u00e9 de la politique \u00e9trang\u00e8re du Royaume du Maroc, port\u00e9e par SM le Roi Mohammed VI sur la sc\u00e8ne internationale.<br \/>Du Br\u00e9sil \u00e0 la Colombie et au Chili, en passant par le Salvador qui, comme le Suriname, a retir\u00e9 sa reconnaissance de la pseudo \u00abrasd\u00bb, les pays de la r\u00e9gion manifestent un soutien clair et massif \u00e0 la position marocaine et une volont\u00e9 ferme de renforcer leurs relations avec le Maroc.<br \/>La diplomatie marocaine a ainsi litt\u00e9ralement mis en \u00e9chec les man\u0153uvres fallacieuses du \u00abpolisario\u00bb qui d\u00e9sormais ne peuvent duper personne dans un sous-continent plus que jamais conscient de la nature de ce diff\u00e9rend r\u00e9gional artificiel et attach\u00e9 \u00e0 la coop\u00e9ration avec le Maroc, sur la base de l\u2019entente et du respect mutuels.<\/p>\n<p>Auteur: M&rsquo;hammed rahal<br \/>\n<a href=\"http:\/\/albayane.press.ma\/amerique-latine-la-cause-nationale-obtient-gain-de-cause-la-these-separatiste-agonise.html\">Cliquez ici pour lire l&rsquo;article depuis sa source.<\/a><\/p>\n","protected":false},"excerpt":{"rendered":"<p>A la faveur d\u2019une vision royale innovante en mati\u00e8re de coop\u00e9ration sud-sud et d\u2019une dynamique diplomatique proactive, la cause nationale continue d\u2019engranger de probants succ\u00e8s partout en Am\u00e9rique latine, alors que la th\u00e8se s\u00e9paratiste agonise. Sous la conduite de SM le Roi Mohammed VI, le Maroc jouit d\u00e9sormais du soutien des gouvernements, des parlements et [&hellip;]<\/p>\n","protected":false},"author":1760,"featured_media":0,"comment_status":"closed","ping_status":"closed","sticky":false,"template":"","format":"standard","meta":{"fifu_image_url":"","fifu_image_alt":"","footnotes":""},"categories":[73,54],"tags":[],"class_list":["post-60780","post","type-post","status-publish","format-standard","hentry","category-actualite","category-maroc"],"_links":{"self":[{"href":"https:\/\/linitiative.ca\/International\/wp-json\/wp\/v2\/posts\/60780","targetHints":{"allow":["GET"]}}],"collection":[{"href":"https:\/\/linitiative.ca\/International\/wp-json\/wp\/v2\/posts"}],"about":[{"href":"https:\/\/linitiative.ca\/International\/wp-json\/wp\/v2\/types\/post"}],"author":[{"embeddable":true,"href":"https:\/\/linitiative.ca\/International\/wp-json\/wp\/v2\/users\/1760"}],"replies":[{"embeddable":true,"href":"https:\/\/linitiative.ca\/International\/wp-json\/wp\/v2\/comments?post=60780"}],"version-history":[{"count":0,"href":"https:\/\/linitiative.ca\/International\/wp-json\/wp\/v2\/posts\/60780\/revisions"}],"wp:attachment":[{"href":"https:\/\/linitiative.ca\/International\/wp-json\/wp\/v2\/media?parent=60780"}],"wp:term":[{"taxonomy":"category","embeddable":true,"href":"https:\/\/linitiative.ca\/International\/wp-json\/wp\/v2\/categories?post=60780"},{"taxonomy":"post_tag","embeddable":true,"href":"https:\/\/linitiative.ca\/International\/wp-json\/wp\/v2\/tags?post=60780"}],"curies":[{"name":"wp","href":"https:\/\/api.w.org\/{rel}","templated":true}]}}