{"id":60781,"date":"2019-09-11T07:01:59","date_gmt":"2019-09-11T11:01:59","guid":{"rendered":"https:\/\/linitiative.ca\/International\/rentree-sociale-de-multiples-attentes-sociales-en-question\/"},"modified":"2019-09-11T07:01:59","modified_gmt":"2019-09-11T11:01:59","slug":"rentree-sociale-de-multiples-attentes-sociales-en-question","status":"publish","type":"post","link":"https:\/\/linitiative.ca\/International\/rentree-sociale-de-multiples-attentes-sociales-en-question\/","title":{"rendered":"Rentr\u00e9e sociale: De multiples attentes sociales en question"},"content":{"rendered":"<p class=\"c4\"><span class=\"c3\"><strong><span class=\"c2\">P<\/span>r\u00e9server les acquis sociaux, trouver un consensus au sujet de la loi sur la gr\u00e8ve, am\u00e9liorer les conditions des travailleurs, asseoir un v\u00e9ritable dialogue social et promouvoir les libert\u00e9s syndicales. Tels sont les dossiers chauds de cette rentr\u00e9e sociale 2019-2020.<\/strong><\/span><\/p>\n<p class=\"c4\">Ces revendications sociales et syndicales seront relanc\u00e9es dans un contexte politique marqu\u00e9 par le remaniement gouvernemental qui devait intervenir avant la rentr\u00e9e parlementaire, pr\u00e9vue le vendredi 11 octobre prochain. Ce sera l\u2019avant derni\u00e8re ann\u00e9e l\u00e9gislative de ce gouvernement, qui avec une \u00e9quipe remani\u00e9e, devait mettre les bouch\u00e9es doubles pour concr\u00e9tiser la feuille de route trac\u00e9e par le souverain dans ses derniers discours.<\/p>\n<p class=\"c4\">Dans ce sillage, la conf\u00e9d\u00e9ration d\u00e9mocratique du travail (CDT) compte \u00abmiliter pour un dialogue national sur l\u2019ensemble des dossiers et un texte de compromis concernant la loi sur la gr\u00e8ve\u00bb. Cette probl\u00e9matique de loi sur la gr\u00e8ve vient \u00e9galement dans le fichier revendicatif de l\u2019union marocaine du travail (UMT).<\/p>\n<p class=\"c4\">Et, semble-t-il, de chauds d\u00e9bats se profilent \u00e0 l\u2019horizon \u00e0 propos de cette question qui avait d\u00e9j\u00e0 oppos\u00e9 les centrales syndicales et le gouvernement, faute d\u2019un consensus autour de cette probl\u00e9matique. \u00abL\u2019actuel gouvernement s\u2019\u00e9chine \u00e0 vouloir imposer sa propre conception du dialogue. Cela ne peut \u00eatre tol\u00e9r\u00e9 et c\u2019est la raison pour laquelle nous avons refus\u00e9 de continuer sur cette voie ou de cautionner tout accord n\u2019apportant pas des solutions aux probl\u00e8mes pos\u00e9s\u00bb, a soulign\u00e9 Abdelkader Zayer, secr\u00e9taire g\u00e9n\u00e9ral de la CDT, dans un entretien accord\u00e9 \u00e0 la MAP. Et le leader syndical d\u2019ass\u00e9ner\u00a0: \u00abNous n\u2019avons pas trouv\u00e9 avec qui dialoguer, parce que ce gouvernement est d\u00e9pourvu de la culture du dialogue, contrairement \u00e0 ce qu\u2019il pr\u00e9tend\u00bb. Le son de cloche est presque le m\u00eame du c\u00f4t\u00e9 de l\u2019UMT.<\/p>\n<p class=\"c4\">Pour son secr\u00e9taire g\u00e9n\u00e9ral, Miloudi Moukharik, qui compte se dresser fermement contre les atteintes aux libert\u00e9s syndicales, les dossiers prioritaires de la rentr\u00e9e s\u2019articulent autour de \u00abla g\u00e9n\u00e9ralisation des augmentations, all\u00e8gement du fardeau fiscal des familles et rejet cat\u00e9gorique du projet gouvernemental relatif \u00e0 la loi sur la gr\u00e8ve\u00bb. Pour ce faire, la centrale va demander \u00e0 l\u2019Ex\u00e9cutif de d\u00e9ployer \u00abdes mesures urgentes\u00bb pour pr\u00e9server les acquis sociaux et engranger d\u2019autres, allant dans le sens de la satisfaction des revendications de la classe ouvri\u00e8re, a assur\u00e9 le leader de l\u2019UMT.<\/p>\n<p class=\"c4\">Pour ce qui est de la loi sur la gr\u00e8ve, Miloudi Moukharik demande \u00e0 ce que le gouvernement \u00abdiscute de l\u2019orientation et de la philosophie de cette loi organique\u00bb avec les partenaires sociaux, car l\u2019UMT \u00abn\u2019est pas contre une l\u00e9gislation sur le droit de gr\u00e8ve, mais elle ne doit pas restreindre un droit garanti par la Constitution\u00bb, a-t-il martel\u00e9. Autant dire que la rentr\u00e9e sociale s\u2019annonce chaude, alors que la coalition gouvernementale et sa majorit\u00e9 parlementaire entament leur avant derni\u00e8re ann\u00e9e l\u00e9gislative durant laquelle le nouveau mod\u00e8le de d\u00e9veloppement du pays sera mis sur les rails.<\/p>\n<p class=\"c4\">D\u2019autres r\u00e9formes, telle que celle de l\u2019administration publique, sont dans le pipe de l\u2019Ex\u00e9cutif en vue d\u2019\u00eatre dans l\u2019esprit de la feuille de route royale. La mise en \u0153uvre de ce chantier devrait se faire en prenant en compte les revendications d\u2019autres cat\u00e9gories professionnelles qui ne cessent de monter au cr\u00e9neau via des coordinations nationales pour faire entendre leurs voix. C\u2019est dans ce contexte politique et social que le gouvernement entame sa rentr\u00e9e et la couleur de ses intentions sera annonc\u00e9e avec les premiers d\u00e9bats autour de la loi de finances de l\u2019exercice de l\u2019ann\u00e9e 2020.<\/p>\n<p class=\"c5\"><strong>B.Amenzou<\/strong><\/p>\n<p>Auteur: M&rsquo;hammed rahal<br \/>\n<a href=\"http:\/\/albayane.press.ma\/rentree-sociale-de-multiples-attentes-sociales-en-question.html\">Cliquez ici pour lire l&rsquo;article depuis sa source.<\/a><\/p>\n","protected":false},"excerpt":{"rendered":"<p>Pr\u00e9server les acquis sociaux, trouver un consensus au sujet de la loi sur la gr\u00e8ve, am\u00e9liorer les conditions des travailleurs, asseoir un v\u00e9ritable dialogue social et promouvoir les libert\u00e9s syndicales. Tels sont les dossiers chauds de cette rentr\u00e9e sociale 2019-2020. Ces revendications sociales et syndicales seront relanc\u00e9es dans un contexte politique marqu\u00e9 par le remaniement [&hellip;]<\/p>\n","protected":false},"author":1760,"featured_media":0,"comment_status":"closed","ping_status":"closed","sticky":false,"template":"","format":"standard","meta":{"fifu_image_url":"","fifu_image_alt":"","footnotes":""},"categories":[73,54],"tags":[],"class_list":["post-60781","post","type-post","status-publish","format-standard","hentry","category-actualite","category-maroc"],"_links":{"self":[{"href":"https:\/\/linitiative.ca\/International\/wp-json\/wp\/v2\/posts\/60781","targetHints":{"allow":["GET"]}}],"collection":[{"href":"https:\/\/linitiative.ca\/International\/wp-json\/wp\/v2\/posts"}],"about":[{"href":"https:\/\/linitiative.ca\/International\/wp-json\/wp\/v2\/types\/post"}],"author":[{"embeddable":true,"href":"https:\/\/linitiative.ca\/International\/wp-json\/wp\/v2\/users\/1760"}],"replies":[{"embeddable":true,"href":"https:\/\/linitiative.ca\/International\/wp-json\/wp\/v2\/comments?post=60781"}],"version-history":[{"count":0,"href":"https:\/\/linitiative.ca\/International\/wp-json\/wp\/v2\/posts\/60781\/revisions"}],"wp:attachment":[{"href":"https:\/\/linitiative.ca\/International\/wp-json\/wp\/v2\/media?parent=60781"}],"wp:term":[{"taxonomy":"category","embeddable":true,"href":"https:\/\/linitiative.ca\/International\/wp-json\/wp\/v2\/categories?post=60781"},{"taxonomy":"post_tag","embeddable":true,"href":"https:\/\/linitiative.ca\/International\/wp-json\/wp\/v2\/tags?post=60781"}],"curies":[{"name":"wp","href":"https:\/\/api.w.org\/{rel}","templated":true}]}}