{"id":60783,"date":"2019-09-11T13:04:11","date_gmt":"2019-09-11T17:04:11","guid":{"rendered":"https:\/\/linitiative.ca\/International\/la-comedienne-fouzia-menaceri-sest-eteinte\/"},"modified":"2019-09-11T13:04:11","modified_gmt":"2019-09-11T17:04:11","slug":"la-comedienne-fouzia-menaceri-sest-eteinte","status":"publish","type":"post","link":"https:\/\/linitiative.ca\/International\/la-comedienne-fouzia-menaceri-sest-eteinte\/","title":{"rendered":"La com\u00e9dienne Fouzia Menaceri s&rsquo;est \u00e9teinte"},"content":{"rendered":"<div>\n<div class=\"K2FeedImage\"><img decoding=\"async\" src=\"http:\/\/www.aps.dz\/media\/k2\/items\/cache\/7994e48ca29299af619525732bd1d217_S.jpg\" alt=\"La com\u00e9dienne Fouzia Menaceri s'est \u00e9teinte\"><\/div>\n<div class=\"K2FeedIntroText\">\n<p><strong>ALGER &#8211; La com\u00e9dienne alg\u00e9rienne, Fouzia Menaceri est d\u00e9c\u00e9d\u00e9e, mardi soir \u00e0 Alger, \u00e0 l&rsquo;\u00e2ge de 79 ans, a-t-on appris aupr\u00e8s de ses proches.<\/strong><\/p>\n<\/div>\n<div class=\"K2FeedFullText\">\n<p>La d\u00e9funte avait jou\u00e9, \u00e0 l&rsquo;\u00e2ge de 25 ans, le r\u00f4le de Hassiba Ben Bouali dans le c\u00e9l\u00e8bre film r\u00e9volutionnaire \u00ab\u00a0la Bataille d&rsquo;Alger\u00a0\u00bb (1966), r\u00e9alis\u00e9 par l&rsquo;italien Gillo Pentecorvo.<\/p>\n<p>Fouzia\u00a0Menaceri a fait, \u00e9galement, une apparition dans \u00ab\u00a0l&rsquo;histoire du film la Bataille d&rsquo;Alger\u00a0\u00bb, un documentaire r\u00e9alis\u00e9 par Salim Aggar, \u00e0 l&rsquo;occasion du 50e anniversaire de ce film culte. Il s&rsquo;agit de plusieurs interviews realis\u00e9es avec les com\u00e9diens du film \u00ab\u00a0la Bataille d&rsquo;Alger\u00a0\u00bb.<\/p>\n<p>L&rsquo;enterrement aura lieu, mercredi apr\u00e8s-midi, au cimeti\u00e8re d&rsquo;El Alia \u00e0 Alger.<\/p>\n<\/div>\n<\/div>\n<p>Auteur:<br \/>\n<a href=\"http:\/\/www.aps.dz\/culture\/94269-la-comedienne-fouzia-menaceri-s-est-eteinte\">Cliquez ici pour lire l&rsquo;article depuis sa source.<\/a><\/p>\n","protected":false},"excerpt":{"rendered":"<p>ALGER &#8211; La com\u00e9dienne alg\u00e9rienne, Fouzia Menaceri est d\u00e9c\u00e9d\u00e9e, mardi soir \u00e0 Alger, \u00e0 l&rsquo;\u00e2ge de 79 ans, a-t-on appris aupr\u00e8s de ses proches. La d\u00e9funte avait jou\u00e9, \u00e0 l&rsquo;\u00e2ge de 25 ans, le r\u00f4le de Hassiba Ben Bouali dans le c\u00e9l\u00e8bre film r\u00e9volutionnaire \u00ab\u00a0la Bataille d&rsquo;Alger\u00a0\u00bb (1966), r\u00e9alis\u00e9 par l&rsquo;italien Gillo Pentecorvo. Fouzia\u00a0Menaceri a [&hellip;]<\/p>\n","protected":false},"author":1790,"featured_media":60784,"comment_status":"closed","ping_status":"closed","sticky":false,"template":"","format":"standard","meta":{"fifu_image_url":"","fifu_image_alt":"","footnotes":""},"categories":[53,79],"tags":[],"class_list":["post-60783","post","type-post","status-publish","format-standard","has-post-thumbnail","hentry","category-algerie","category-culture"],"_links":{"self":[{"href":"https:\/\/linitiative.ca\/International\/wp-json\/wp\/v2\/posts\/60783","targetHints":{"allow":["GET"]}}],"collection":[{"href":"https:\/\/linitiative.ca\/International\/wp-json\/wp\/v2\/posts"}],"about":[{"href":"https:\/\/linitiative.ca\/International\/wp-json\/wp\/v2\/types\/post"}],"author":[{"embeddable":true,"href":"https:\/\/linitiative.ca\/International\/wp-json\/wp\/v2\/users\/1790"}],"replies":[{"embeddable":true,"href":"https:\/\/linitiative.ca\/International\/wp-json\/wp\/v2\/comments?post=60783"}],"version-history":[{"count":0,"href":"https:\/\/linitiative.ca\/International\/wp-json\/wp\/v2\/posts\/60783\/revisions"}],"wp:featuredmedia":[{"embeddable":true,"href":"https:\/\/linitiative.ca\/International\/wp-json\/"}],"wp:attachment":[{"href":"https:\/\/linitiative.ca\/International\/wp-json\/wp\/v2\/media?parent=60783"}],"wp:term":[{"taxonomy":"category","embeddable":true,"href":"https:\/\/linitiative.ca\/International\/wp-json\/wp\/v2\/categories?post=60783"},{"taxonomy":"post_tag","embeddable":true,"href":"https:\/\/linitiative.ca\/International\/wp-json\/wp\/v2\/tags?post=60783"}],"curies":[{"name":"wp","href":"https:\/\/api.w.org\/{rel}","templated":true}]}}