{"id":60785,"date":"2019-09-11T13:04:13","date_gmt":"2019-09-11T17:04:13","guid":{"rendered":"https:\/\/linitiative.ca\/International\/saida-prochaine-edition-du-festival-national-de-la-litterature-et-du-cinema-de-la-femme\/"},"modified":"2019-09-11T13:04:13","modified_gmt":"2019-09-11T17:04:13","slug":"saida-prochaine-edition-du-festival-national-de-la-litterature-et-du-cinema-de-la-femme","status":"publish","type":"post","link":"https:\/\/linitiative.ca\/International\/saida-prochaine-edition-du-festival-national-de-la-litterature-et-du-cinema-de-la-femme\/","title":{"rendered":"Sa\u00efda : prochaine \u00e9dition du festival national de la litt\u00e9rature et du cin\u00e9ma de la femme"},"content":{"rendered":"<div>\n<div class=\"K2FeedImage\"><img decoding=\"async\" src=\"http:\/\/www.aps.dz\/media\/k2\/items\/cache\/32282f63c42a72a14a9ae79255520a5d_S.jpg\" alt=\"Sa\u00efda : prochaine \u00e9dition du festival national de la litt\u00e9rature et du cin\u00e9ma de la femme\"><\/div>\n<div class=\"K2FeedIntroText\">\n<p><strong>SAIDA &#8211; La ville de Sa\u00efda renoue avec son Festival national de la litt\u00e9rature et du cin\u00e9ma de la femme. Apr\u00e8s une \u00e9clipse de cinq ann\u00e9es, cette manifestation sera de retour avec sa 3\u00e8me \u00e9dition, pr\u00e9vue du 28 septembre au 2 octobre prochains.<\/strong><\/p>\n<\/div>\n<div class=\"K2FeedFullText\">\n<p>Le commissaire de cette manifestation, Belkacem Moulay, a indiqu\u00e9 \u00e0 l\u2019APS, qu\u2019une cinquantaine de r\u00e9alisateurs et r\u00e9alisatrices, hommes et femmes de lettres, acteurs et actrices seront au rendez-vous de cette 3\u00e8me \u00e9dition pour aller \u00e0 la rencontre du public sa\u00efdi.<\/p>\n<p>Les participants auront \u00e0 pr\u00e9senter leurs derni\u00e8res productions, d\u00e9battre de la probl\u00e9matique du cin\u00e9ma et la femme \u00e0 travers \u00e0 la fois de l\u2019exp\u00e9rience des femmes cin\u00e9astes, de la repr\u00e9sentation de la femme dans le 7\u00e8me art et de d\u00e9battre de la production litt\u00e9raire f\u00e9minine.<\/p>\n<p>Le volet cin\u00e9ma du festival comprend la projection de huit films r\u00e9cents dont certains seront pr\u00e9sent\u00e9s en avant-premi\u00e8re comme \u00ab\u00a0Le flic de Belleville\u00a0\u00bb de Rachid Bouchareb qui sera pr\u00e9sent \u00e0 Sa\u00efda. Le r\u00e9alisateur de \u00ab\u00a0Indig\u00e8nes\u00a0\u00bb et \u00ab\u00a0Hors la loi\u00a0\u00bb pr\u00e9sentera \u00e9galement son film \u00ab\u00a0London River\u00a0\u00bb.<\/p>\n<p>A l\u2019affiche, figurera \u00e9galement \u00ab\u00a0Djenina\u00a0\u00bb d\u2019Abdelkrim Bahloul ou encore \u00ab\u00a0Papicha\u00a0\u00bb de Mounia Meddour, film tr\u00e8s bien accueilli au dernier festival de Cannes, o\u00f9 il a \u00e9t\u00e9 projet\u00e9 dans la section \u00ab\u00a0un certain regard\u00a0\u00bb.<\/p>\n<p>Les amateurs des longs m\u00e9trages auront \u00e9galement l\u2019occasion d\u2019appr\u00e9cier \u00ab\u00a0Jusqu\u2019\u00e0 la fin des temps\u00a0\u00bb, le film de Yasmine Chouikh, plusieurs fois prim\u00e9 lors de festival internationaux, \u00ab\u00a0Les bienheureux\u00a0\u00bb de Sofia Djama, prix de la meilleure r\u00e9alisation au festival de Duba\u00ef (2017), \u00ab\u00a0Reconnaissance\u00a0\u00bb de Salim Hamdi.<\/p>\n<p>Organis\u00e9 par le minist\u00e8re de la culture, le festival consacrera un volet \u00e0 la production litt\u00e9raire permettant \u00e0 des hommes et femmes de lettres comme Yasmina Khadra, Amine Zaoui, Wassini Laaradj, Zineb Laaouadj, Rabia Djalti et autres viendront d\u00e9battre des relations litt\u00e9rature-cin\u00e9ma-femmes.<\/p>\n<p>Il est pr\u00e9vu \u00e9galement la tenue d\u2019un atelier de formation en mise en sc\u00e8ne au profit des jeunes cin\u00e9philes, indiquent les organisateurs.<\/p>\n<\/div>\n<\/div>\n<p>Auteur:<br \/>\n<a href=\"http:\/\/www.aps.dz\/culture\/94271-saida-prochaine-edition-du-festival-national-de-la-litterature-et-du-cinema-de-la-femme\">Cliquez ici pour lire l&rsquo;article depuis sa source.<\/a><\/p>\n","protected":false},"excerpt":{"rendered":"<p>SAIDA &#8211; La ville de Sa\u00efda renoue avec son Festival national de la litt\u00e9rature et du cin\u00e9ma de la femme. Apr\u00e8s une \u00e9clipse de cinq ann\u00e9es, cette manifestation sera de retour avec sa 3\u00e8me \u00e9dition, pr\u00e9vue du 28 septembre au 2 octobre prochains. Le commissaire de cette manifestation, Belkacem Moulay, a indiqu\u00e9 \u00e0 l\u2019APS, qu\u2019une [&hellip;]<\/p>\n","protected":false},"author":1790,"featured_media":60786,"comment_status":"closed","ping_status":"closed","sticky":false,"template":"","format":"standard","meta":{"fifu_image_url":"","fifu_image_alt":"","footnotes":""},"categories":[53,79],"tags":[],"class_list":["post-60785","post","type-post","status-publish","format-standard","has-post-thumbnail","hentry","category-algerie","category-culture"],"_links":{"self":[{"href":"https:\/\/linitiative.ca\/International\/wp-json\/wp\/v2\/posts\/60785","targetHints":{"allow":["GET"]}}],"collection":[{"href":"https:\/\/linitiative.ca\/International\/wp-json\/wp\/v2\/posts"}],"about":[{"href":"https:\/\/linitiative.ca\/International\/wp-json\/wp\/v2\/types\/post"}],"author":[{"embeddable":true,"href":"https:\/\/linitiative.ca\/International\/wp-json\/wp\/v2\/users\/1790"}],"replies":[{"embeddable":true,"href":"https:\/\/linitiative.ca\/International\/wp-json\/wp\/v2\/comments?post=60785"}],"version-history":[{"count":0,"href":"https:\/\/linitiative.ca\/International\/wp-json\/wp\/v2\/posts\/60785\/revisions"}],"wp:featuredmedia":[{"embeddable":true,"href":"https:\/\/linitiative.ca\/International\/wp-json\/"}],"wp:attachment":[{"href":"https:\/\/linitiative.ca\/International\/wp-json\/wp\/v2\/media?parent=60785"}],"wp:term":[{"taxonomy":"category","embeddable":true,"href":"https:\/\/linitiative.ca\/International\/wp-json\/wp\/v2\/categories?post=60785"},{"taxonomy":"post_tag","embeddable":true,"href":"https:\/\/linitiative.ca\/International\/wp-json\/wp\/v2\/tags?post=60785"}],"curies":[{"name":"wp","href":"https:\/\/api.w.org\/{rel}","templated":true}]}}