{"id":60787,"date":"2019-09-11T06:00:00","date_gmt":"2019-09-11T10:00:00","guid":{"rendered":"https:\/\/linitiative.ca\/International\/la-conservation-des-forets-de-tizi-ouzou-precise\/"},"modified":"2019-09-11T06:00:00","modified_gmt":"2019-09-11T10:00:00","slug":"la-conservation-des-forets-de-tizi-ouzou-precise","status":"publish","type":"post","link":"https:\/\/linitiative.ca\/International\/la-conservation-des-forets-de-tizi-ouzou-precise\/","title":{"rendered":"La Conservation des for\u00eats de Tizi Ouzou pr\u00e9cise"},"content":{"rendered":"<div id=\"originalText\" readability=\"50\">\n<p>\u201cSuite \u00e0 l\u2019article paru dans le quotidien \u201cLibert\u00e9\u201d du 5 septembre 2019, portant sur une demande d\u2019enqu\u00eate par un \u00e9lu FFS de l\u2019APW de Tizi Ouzou sur un march\u00e9 octroy\u00e9 \u00e0 l\u2019ERGR, nous tenons \u00e0 apporter cet \u00e9claircissement.\u00a0<\/p>\n<p>En effet, suite \u00e0 une d\u00e9cision de gr\u00e9 \u00e0 gr\u00e9 simple n\u00b058 du 30 ao\u00fbt 2018 de M. le wali de Tizi Ouzou, un march\u00e9 de r\u00e9gularisation de travaux d\u2019ouverture de piste a \u00e9t\u00e9 confi\u00e9 \u00e0 cette entreprise en date du 18 f\u00e9vrier 2019 par la commission des march\u00e9s publics de wilaya dont ce m\u00eame \u00e9lu fait partie.<\/p>\n<p>Quant aux plantations fruiti\u00e8res,\u00a0cette op\u00e9ration n\u2019a pas \u00e9t\u00e9 confi\u00e9e de gr\u00e9 \u00e0 gr\u00e9, mais elle a fait l\u2019objet\u00a0d\u2019un appel d\u2019offres national, publi\u00e9\u00a0dans les journaux nationaux en date du 27 mars 2019.\u201d<\/p>\n<\/div>\n<div id=\"text_core\" readability=\"50\">\n<p>\u201cSuite \u00e0 l\u2019article paru dans le quotidien \u201cLibert\u00e9\u201d du 5 septembre 2019, portant sur une demande d\u2019enqu\u00eate par un \u00e9lu FFS de l\u2019APW de Tizi Ouzou sur un march\u00e9 octroy\u00e9 \u00e0 l\u2019ERGR, nous tenons \u00e0 apporter cet \u00e9claircissement.\u00a0<\/p>\n<p>En effet, suite \u00e0 une d\u00e9cision de gr\u00e9 \u00e0 gr\u00e9 simple n\u00b058 du 30 ao\u00fbt 2018 de M. le wali de Tizi Ouzou, un march\u00e9 de r\u00e9gularisation de travaux d\u2019ouverture de piste a \u00e9t\u00e9 confi\u00e9 \u00e0 cette entreprise en date du 18 f\u00e9vrier 2019 par la commission des march\u00e9s publics de wilaya dont ce m\u00eame \u00e9lu fait partie.<\/p>\n<p>Quant aux plantations fruiti\u00e8res,\u00a0cette op\u00e9ration n\u2019a pas \u00e9t\u00e9 confi\u00e9e de gr\u00e9 \u00e0 gr\u00e9, mais elle a fait l\u2019objet\u00a0d\u2019un appel d\u2019offres national, publi\u00e9\u00a0dans les journaux nationaux en date du 27 mars 2019.\u201d<\/p>\n<\/div>\n<p>Auteur:<br \/>\n<a href=\"https:\/\/www.liberte-algerie.com\/radar\/la-conservation-des-forets-de-tizi-ouzou-precise-323650\">Cliquez ici pour lire l&rsquo;article depuis sa source.<\/a><\/p>\n","protected":false},"excerpt":{"rendered":"<p>\u201cSuite \u00e0 l\u2019article paru dans le quotidien \u201cLibert\u00e9\u201d du 5 septembre 2019, portant sur une demande d\u2019enqu\u00eate par un \u00e9lu FFS de l\u2019APW de Tizi Ouzou sur un march\u00e9 octroy\u00e9 \u00e0 l\u2019ERGR, nous tenons \u00e0 apporter cet \u00e9claircissement.\u00a0 En effet, suite \u00e0 une d\u00e9cision de gr\u00e9 \u00e0 gr\u00e9 simple n\u00b058 du 30 ao\u00fbt 2018 de [&hellip;]<\/p>\n","protected":false},"author":1742,"featured_media":0,"comment_status":"closed","ping_status":"closed","sticky":false,"template":"","format":"standard","meta":{"fifu_image_url":"","fifu_image_alt":"","footnotes":""},"categories":[73,53],"tags":[],"class_list":["post-60787","post","type-post","status-publish","format-standard","hentry","category-actualite","category-algerie"],"_links":{"self":[{"href":"https:\/\/linitiative.ca\/International\/wp-json\/wp\/v2\/posts\/60787","targetHints":{"allow":["GET"]}}],"collection":[{"href":"https:\/\/linitiative.ca\/International\/wp-json\/wp\/v2\/posts"}],"about":[{"href":"https:\/\/linitiative.ca\/International\/wp-json\/wp\/v2\/types\/post"}],"author":[{"embeddable":true,"href":"https:\/\/linitiative.ca\/International\/wp-json\/wp\/v2\/users\/1742"}],"replies":[{"embeddable":true,"href":"https:\/\/linitiative.ca\/International\/wp-json\/wp\/v2\/comments?post=60787"}],"version-history":[{"count":0,"href":"https:\/\/linitiative.ca\/International\/wp-json\/wp\/v2\/posts\/60787\/revisions"}],"wp:attachment":[{"href":"https:\/\/linitiative.ca\/International\/wp-json\/wp\/v2\/media?parent=60787"}],"wp:term":[{"taxonomy":"category","embeddable":true,"href":"https:\/\/linitiative.ca\/International\/wp-json\/wp\/v2\/categories?post=60787"},{"taxonomy":"post_tag","embeddable":true,"href":"https:\/\/linitiative.ca\/International\/wp-json\/wp\/v2\/tags?post=60787"}],"curies":[{"name":"wp","href":"https:\/\/api.w.org\/{rel}","templated":true}]}}