{"id":60795,"date":"2019-09-11T07:58:28","date_gmt":"2019-09-11T11:58:28","guid":{"rendered":"https:\/\/linitiative.ca\/International\/la-fete-dachoura-celebree-a-marrakech\/"},"modified":"2019-09-11T07:58:28","modified_gmt":"2019-09-11T11:58:28","slug":"la-fete-dachoura-celebree-a-marrakech","status":"publish","type":"post","link":"https:\/\/linitiative.ca\/International\/la-fete-dachoura-celebree-a-marrakech\/","title":{"rendered":"La f\u00eate d\u2019Achoura c\u00e9l\u00e9br\u00e9e \u00e0 Marrakech"},"content":{"rendered":"<div readability=\"37\">\n<p>Marrakech- Le Mus\u00e9e Mohammed VI pour la Civilisation de l\u2019Eau au Maroc-Aman a c\u00e9l\u00e9br\u00e9, mardi soir \u00e0 Marrakech, la f\u00eate d\u2019Achoura aux rythmes de la \u00ab\u00a0Dekka Marrakchia\u00a0\u00bb, un genre musical et un art authentique typique et propre \u00e0 la cit\u00e9 ocre.<\/p>\n<\/div>\n<div readability=\"117\">\n<p>L\u2019\u00e9tablissement a ainsi organis\u00e9 une soir\u00e9e grandiose pour f\u00eater cet \u00e9v\u00e9nement qui, au-del\u00e0 de son aspect religieux, constitue une c\u00e9l\u00e9bration annuelle qui exprime la richesse et la diversit\u00e9 du patrimoine culturel immat\u00e9riel marocain.<\/p>\n<p>Pour c\u00e9l\u00e9brer comme il se doit ce patrimoine, les organisateurs ont opt\u00e9 pour la Dekka Marrakchia, une expression culturelle et musicale sp\u00e9cifique \u00e0 la premi\u00e8re destination touristique du Royaume.<\/p>\n<p>Dans une ambiance conviviale et bon enfant, l\u2019assistance a \u00e9t\u00e9 gratifi\u00e9e d\u2019un spectacle haut en couleurs durant lequel des troupes de renomm\u00e9e de cet art, masculines et f\u00e9minines (Houwariyat), ont ex\u00e9cut\u00e9 avec maestria une s\u00e9rie de danses et de chansons puis\u00e9es dans le r\u00e9pertoire riche de ce genre musical populaire, tout en faisant \u00e9talage de leur savoir-faire et de leur ma\u00eetrise de cet art compos\u00e9 essentiellement de percussions rythmiques plurielles.<\/p>\n<p>De son c\u00f4t\u00e9, l\u2019assistance n\u2019a pas manqu\u00e9 d\u2019interagir avec ces troupes en reprenant en ch\u0153ur des refrains de ces chansons populaires tout au long de cette m\u00e9morable soir\u00e9e.<\/p>\n<p>La \u00ab\u00a0Dakka\u00a0\u00bb (tambourinage) est plut\u00f4t un r\u00e9cital qu\u2019une danse. C\u2019est une composition de po\u00e8mes en langue dialectale, d\u00e9di\u00e9s aux valeurs spirituelles, humaines et sociales des sept saints patrons de\u00a0Marrakech\u00a0d\u00e9clam\u00e9s en long r\u00e9citatif qui est scand\u00e9 \u00e0 l\u2019unisson aux rythmes d\u2019instruments de percussion comme la ta\u00e2rija, la tara et krakach, et le nfar\u2026<\/p>\n<p>Un vrai chef-d\u2019\u0153uvre du patrimoine culturel immat\u00e9riel, qui se pratique depuis des si\u00e8cles par les artisans tanneurs, une fois par an \u00e0 l\u2019occasion de la f\u00eate d\u2019Achoura.<\/p>\n<p>Pour les organisateurs, la ville de\u00a0Marrakech\u00a0a besoin de ce genre d\u2019initiatives, afin de revivifier ces traditions culturelles musicales du patrimoine oral et immat\u00e9riel.<\/p>\n<p>Dans une d\u00e9claration \u00e0 la MAP, le directeur de la soci\u00e9t\u00e9 de gestion du Mus\u00e9e, Youssef Mouhyi, a expliqu\u00e9 que cette institution veille, dans le cadre de sa mission, \u00e0 s\u2019ouvrir et \u00e0 contribuer \u00e0 la valorisation des diff\u00e9rents aspects du patrimoine du Royaume, chaque fois que l\u2019occasion se pr\u00e9sente.<\/p>\n<p>Il a, dans la foul\u00e9e, pr\u00e9cis\u00e9 que cette soir\u00e9e se veut une contribution \u00e0 la mise en valeur de ce patrimoine immat\u00e9riel qui rev\u00eat une particularit\u00e9 \u00e0\u00a0Marrakech\u00a0o\u00f9 sont organis\u00e9es, \u00e0 cette occasion, des soir\u00e9es de Dakka et de houwariyat ainsi qu\u2019une panoplie de comp\u00e9titions dans les rues et quartiers de la cit\u00e9 ocre, notamment dans l\u2019ancienne m\u00e9dina.<\/p>\n<p>C\u2019est dans ce sillage qu\u2019intervient cette initiative \u00e0 travers laquelle le mus\u00e9e ambitionne d\u2019offrir aux familles marrakchies l\u2019occasion de suivre et de c\u00e9l\u00e9brer l\u2019art de la Dekka, comme il se doit et dans toute son authenticit\u00e9 et son originalit\u00e9, a ajout\u00e9 M. Mouhyi.<\/p>\n<p>Le responsable a, d\u2019autre part, soulign\u00e9 que les mus\u00e9es ne sont pas uniquement des lieux et des institutions d\u00e9di\u00e9es \u00e0 la valorisation et \u00e0 la pr\u00e9servation du patrimoine, mais sont appel\u00e9s \u00e0 s\u2019ouvrir sur les pr\u00e9occupations de la soci\u00e9t\u00e9 et contribuer \u00e0 la vie culturelle et sociale.<\/p>\n<p>A noter que le Mus\u00e9e Mohammed VI pour la Civilisation de l\u2019Eau au Maroc-Aman, fond\u00e9 par le minist\u00e8re des Habous et des Affaires islamiques, est un projet in\u00e9dit \u00e0\u00a0Marrakech.<\/p>\n<p>Il s\u2019agit d\u2019une institution culturelle qui s\u2019est fix\u00e9e pour mission la valorisation des patrimoines du Royaume et a pour vocation de pr\u00e9server la m\u00e9moire et de diffuser et mettre en valeur le patrimoine hydraulique marocain comme un r\u00e9f\u00e9rent de la gestion de l\u2019eau au niveau mondial.<\/p>\n<\/div>\n<p>Auteur: Mohammed KOURSI<br \/>\n<a href=\"http:\/\/www.mapmarrakech.ma\/fr\/le-musee-mohammed-vi-pour-la-civilisation-de-leau-fete-achoura\/\">Cliquez ici pour lire l&rsquo;article depuis sa source.<\/a><\/p>\n","protected":false},"excerpt":{"rendered":"<p>Marrakech- Le Mus\u00e9e Mohammed VI pour la Civilisation de l\u2019Eau au Maroc-Aman a c\u00e9l\u00e9br\u00e9, mardi soir \u00e0 Marrakech, la f\u00eate d\u2019Achoura aux rythmes de la \u00ab\u00a0Dekka Marrakchia\u00a0\u00bb, un genre musical et un art authentique typique et propre \u00e0 la cit\u00e9 ocre. L\u2019\u00e9tablissement a ainsi organis\u00e9 une soir\u00e9e grandiose pour f\u00eater cet \u00e9v\u00e9nement qui, au-del\u00e0 de [&hellip;]<\/p>\n","protected":false},"author":1788,"featured_media":0,"comment_status":"closed","ping_status":"closed","sticky":false,"template":"","format":"standard","meta":{"fifu_image_url":"","fifu_image_alt":"","footnotes":""},"categories":[54,76],"tags":[],"class_list":["post-60795","post","type-post","status-publish","format-standard","hentry","category-maroc","category-regions"],"_links":{"self":[{"href":"https:\/\/linitiative.ca\/International\/wp-json\/wp\/v2\/posts\/60795","targetHints":{"allow":["GET"]}}],"collection":[{"href":"https:\/\/linitiative.ca\/International\/wp-json\/wp\/v2\/posts"}],"about":[{"href":"https:\/\/linitiative.ca\/International\/wp-json\/wp\/v2\/types\/post"}],"author":[{"embeddable":true,"href":"https:\/\/linitiative.ca\/International\/wp-json\/wp\/v2\/users\/1788"}],"replies":[{"embeddable":true,"href":"https:\/\/linitiative.ca\/International\/wp-json\/wp\/v2\/comments?post=60795"}],"version-history":[{"count":0,"href":"https:\/\/linitiative.ca\/International\/wp-json\/wp\/v2\/posts\/60795\/revisions"}],"wp:attachment":[{"href":"https:\/\/linitiative.ca\/International\/wp-json\/wp\/v2\/media?parent=60795"}],"wp:term":[{"taxonomy":"category","embeddable":true,"href":"https:\/\/linitiative.ca\/International\/wp-json\/wp\/v2\/categories?post=60795"},{"taxonomy":"post_tag","embeddable":true,"href":"https:\/\/linitiative.ca\/International\/wp-json\/wp\/v2\/tags?post=60795"}],"curies":[{"name":"wp","href":"https:\/\/api.w.org\/{rel}","templated":true}]}}