{"id":60796,"date":"2019-09-11T10:10:09","date_gmt":"2019-09-11T14:10:09","guid":{"rendered":"https:\/\/linitiative.ca\/International\/les-organismes-arabes-de-protection-civile-en-conclave\/"},"modified":"2019-09-11T10:10:09","modified_gmt":"2019-09-11T14:10:09","slug":"les-organismes-arabes-de-protection-civile-en-conclave","status":"publish","type":"post","link":"https:\/\/linitiative.ca\/International\/les-organismes-arabes-de-protection-civile-en-conclave\/","title":{"rendered":"Les organismes arabes de protection civile en conclave"},"content":{"rendered":"<div class=\"single-featured\"><img alt=\"\" data-src=\"http:\/\/www.mapmarrakech.ma\/map\/uploads\/2019\/09\/congr\u00e8s-protection-civile.jpg\"\/><\/div>\n<div class=\"single-post-excerpt post-excerpt-bc\" readability=\"36\">\n<p>Marrakech- Les travaux de la 17\u00e8me conf\u00e9rence des directeurs des organismes arabes de protection civile se sont ouverts mercredi, \u00e0 Marrakech, avec un focus sur les dangers li\u00e9s \u00e0 la pollution de l\u2019environnement et les moyens de les combattre.<\/p>\n<\/div>\n<div class=\"entry-content clearfix single-post-content\" readability=\"62\">\n<p>Plac\u00e9 Sous le Haut Patronage de SM le Roi Mohammed VI, cet \u00e9v\u00e9nement portera, notamment, sur le r\u00f4le des organismes de protection civile dans la mise en \u0153uvre du Cadre de Sendai pour la r\u00e9duction des risques de catastrophe 2015-2030.<\/p>\n<p>L\u2019\u00e9volution des activit\u00e9s et des missions des organismes de protection civile et la contribution des compagnies d\u2019assurances aux sources de financement de leurs interventions figurent \u00e0 l\u2019ordre du jour de cette conf\u00e9rence.<\/p>\n<p>Le point sera, \u00e9galement, mis sur deux projets importants concernant un accord de coop\u00e9ration arabe dans le domaine de la recherche et le sauvetage et l\u2019\u00e9laboration d\u2019un \u00ab\u00a0Code arabe unifi\u00e9 pour contr\u00f4ler l\u2019importation et le transport de mati\u00e8res explosives et dangereuses\u00a0\u00bb.<\/p>\n<p>Cette rencontre de deux jours examinera, aussi, les points de vue des Etats membres sur l\u2019\u00e9tude de faisabilit\u00e9 concernant un projet d\u2019accord de coop\u00e9ration entre ces organismes et sur le r\u00f4le de ces instances face aux actes terroristes.<\/p>\n<p>La conf\u00e9rence conna\u00eetra la participation de responsables et de repr\u00e9sentants d\u2019organismes de protection civile des pays arabes, de la Ligue arabe, de l\u2019Organisation internationale de protection civile, du Centre arabe de pr\u00e9vention des s\u00e9ismes et des autres catastrophes naturelles, de l\u2019Universit\u00e9 Na\u00eff pour les sciences s\u00e9curitaires et du Secr\u00e9tariat g\u00e9n\u00e9ral du Conseil des ministres arabes de l\u2019Int\u00e9rieur.<\/p>\n<\/div>\n<p>Auteur: Mohammed KOURSI<br \/>\n<a href=\"http:\/\/www.mapmarrakech.ma\/fr\/les-organismes-arabes-de-protection-civile-en-conclave\/\">Cliquez ici pour lire l&rsquo;article depuis sa source.<\/a><\/p>\n","protected":false},"excerpt":{"rendered":"<p>Marrakech- Les travaux de la 17\u00e8me conf\u00e9rence des directeurs des organismes arabes de protection civile se sont ouverts mercredi, \u00e0 Marrakech, avec un focus sur les dangers li\u00e9s \u00e0 la pollution de l\u2019environnement et les moyens de les combattre. Plac\u00e9 Sous le Haut Patronage de SM le Roi Mohammed VI, cet \u00e9v\u00e9nement portera, notamment, sur [&hellip;]<\/p>\n","protected":false},"author":1788,"featured_media":60797,"comment_status":"closed","ping_status":"closed","sticky":false,"template":"","format":"standard","meta":{"fifu_image_url":"","fifu_image_alt":"","footnotes":""},"categories":[54,76],"tags":[],"class_list":["post-60796","post","type-post","status-publish","format-standard","has-post-thumbnail","hentry","category-maroc","category-regions"],"_links":{"self":[{"href":"https:\/\/linitiative.ca\/International\/wp-json\/wp\/v2\/posts\/60796","targetHints":{"allow":["GET"]}}],"collection":[{"href":"https:\/\/linitiative.ca\/International\/wp-json\/wp\/v2\/posts"}],"about":[{"href":"https:\/\/linitiative.ca\/International\/wp-json\/wp\/v2\/types\/post"}],"author":[{"embeddable":true,"href":"https:\/\/linitiative.ca\/International\/wp-json\/wp\/v2\/users\/1788"}],"replies":[{"embeddable":true,"href":"https:\/\/linitiative.ca\/International\/wp-json\/wp\/v2\/comments?post=60796"}],"version-history":[{"count":0,"href":"https:\/\/linitiative.ca\/International\/wp-json\/wp\/v2\/posts\/60796\/revisions"}],"wp:featuredmedia":[{"embeddable":true,"href":"https:\/\/linitiative.ca\/International\/wp-json\/"}],"wp:attachment":[{"href":"https:\/\/linitiative.ca\/International\/wp-json\/wp\/v2\/media?parent=60796"}],"wp:term":[{"taxonomy":"category","embeddable":true,"href":"https:\/\/linitiative.ca\/International\/wp-json\/wp\/v2\/categories?post=60796"},{"taxonomy":"post_tag","embeddable":true,"href":"https:\/\/linitiative.ca\/International\/wp-json\/wp\/v2\/tags?post=60796"}],"curies":[{"name":"wp","href":"https:\/\/api.w.org\/{rel}","templated":true}]}}