{"id":60798,"date":"2019-09-11T11:42:48","date_gmt":"2019-09-11T15:42:48","guid":{"rendered":"https:\/\/linitiative.ca\/International\/les-crises-naturelles-exigent-la-coordination\/"},"modified":"2019-09-11T11:42:48","modified_gmt":"2019-09-11T15:42:48","slug":"les-crises-naturelles-exigent-la-coordination","status":"publish","type":"post","link":"https:\/\/linitiative.ca\/International\/les-crises-naturelles-exigent-la-coordination\/","title":{"rendered":"Les crises naturelles exigent la coordination"},"content":{"rendered":"<div readability=\"38\">\n<p>Marrakech- L\u2019augmentation du nombre des crises et catastrophes naturelles exige une coordination efficace et efficiente au niveau arabe pour r\u00e9duire leurs impacts socio-\u00e9conomiques, a soulign\u00e9 mercredi, \u00e0 Marrakech, le ministre de l\u2019int\u00e9rieur, Abdelouafi Laftit.<\/p>\n<\/div>\n<div readability=\"100\">\n<p>Dans une allocution lue en son nom par le secr\u00e9taire g\u00e9n\u00e9ral du minist\u00e8re de l\u2019Int\u00e9rieur, Mohamed Faouzi, \u00e0 l\u2019ouverture des travaux de la 17\u00e8me conf\u00e9rence des directeurs des organismes arabes de protection civile, M. Laftit a salu\u00e9 les efforts de la Ligue arabe pour lutter contre l\u2019impact des catastrophes naturelles et ce, \u00e0 travers la mise en place des m\u00e9canismes de coordination arabe pour faire face aux risques et catastrophes en application de la d\u00e9cision du Conseil de la Ligue arabe.<\/p>\n<p>Dans ce sens, le ministre a fait remarquer que cette conf\u00e9rence permettra de partager les exp\u00e9riences dans le domaine de la protection et la d\u00e9fense civiles au monde arabe et d\u2019\u00e9valuer les r\u00e9alisations afin de hisser leur performance, relevant que l\u2019accueil du Maroc de cette conf\u00e9rence traduit l\u2019importance croissante de la question de la protection civile \u00e0 une \u00e9poque marqu\u00e9e par la mont\u00e9e des catastrophes naturelles (incendie de for\u00eats, inondations, d\u00e9sertification et pollution) et de leurs impacts et d\u00e9g\u00e2ts mat\u00e9riels et humains.<\/p>\n<p>Le choix du Maroc pour abriter la conf\u00e9rence des directeurs des organismes arabes de protection civile intervient en reconnaissance des efforts du Royaume dans la protection de l\u2019environnement, la lutte contre les changements climatiques et la gestion des catastrophes naturelles, a-t-il insist\u00e9, soulignant que le Royaume mobilise tous ses moyens humains et logistiques pour la gestion des crises et des catastrophes naturelles traduites dans plusieurs plans strat\u00e9giques.<\/p>\n<p>Le Maroc a \u00e9galement int\u00e9gr\u00e9 la gestion de ces catastrophes dans toutes les politiques publiques \u00e0 travers la cr\u00e9ation des fonds charg\u00e9s de financer la lutte contre les causes et la r\u00e9duction des impacts de ces catastrophes et la conclusion de partenariats pour la gestion des dangers des catastrophes dont celui sign\u00e9 avec la Banque Mondiale, a-t-il ajout\u00e9.<\/p>\n<p>M. Laftit a en outre, relev\u00e9 que les efforts du Maroc dans ce domaine ne peuvent aboutir sans une coordination \u00e9largie au niveau arabe et r\u00e9gional\u00a0 pour assurer la compl\u00e9mentarit\u00e9 et la convergence des mesures de pr\u00e9vention urgentes en mati\u00e8re de protection et d\u00e9fense civile.<\/p>\n<p>Plac\u00e9e sous le Haut Patronage de SM le Roi Mohammed VI, la 17\u00e8me conf\u00e9rence des directeurs des organismes arabes de protection civile conna\u00eet la participation de responsables et de repr\u00e9sentants d\u2019organismes de protection civile des pays arabes, de la Ligue arabe, de l\u2019Organisation internationale de protection civile, du Centre arabe de pr\u00e9vention des s\u00e9ismes et des autres catastrophes naturelles, de l\u2019Universit\u00e9 Na\u00eff pour les sciences s\u00e9curitaires et du Secr\u00e9tariat g\u00e9n\u00e9ral du Conseil des ministres arabes de l\u2019Int\u00e9rieur.<\/p>\n<p>Elle portera notamment sur les dangers li\u00e9s \u00e0 la pollution de l\u2019environnement et les moyens de les combattre ainsi que le r\u00f4le des organismes de protection civile dans la mise en \u0153uvre du Cadre de Sendai pour la r\u00e9duction des risques de catastrophe 2015-2030.<\/p>\n<p>L\u2019\u00e9volution des activit\u00e9s et des missions des organismes de protection civile et la contribution des compagnies d\u2019assurances aux sources de financement de leurs interventions figurent \u00e0 l\u2019ordre du jour de cette conf\u00e9rence.<\/p>\n<p>Le point sera, \u00e9galement, mis sur deux projets importants concernant un accord de coop\u00e9ration arabe dans le domaine de la recherche et le sauvetage et l\u2019\u00e9laboration d\u2019un \u00ab\u00a0Code arabe unifi\u00e9 pour contr\u00f4ler l\u2019importation et le transport de mati\u00e8res explosives et dangereuses\u00a0\u00bb.<\/p>\n<p>Cette rencontre de deux jours examinera, aussi, les points de vue des Etats membres sur l\u2019\u00e9tude de faisabilit\u00e9 concernant un projet d\u2019accord de coop\u00e9ration entre ces organismes et sur le r\u00f4le de ces instances face aux actes terroristes.<\/p>\n<p>Les recommandations de cette conf\u00e9rence seront soumises \u00e0 la prochaine session du Conseil des ministres arabes de l\u2019int\u00e9rieur.<\/p>\n<\/div>\n<p>Auteur: Mohammed KOURSI<br \/>\n<a href=\"http:\/\/www.mapmarrakech.ma\/fr\/laugmentation-des-catastrophes-naturelles-exige-une-coordination-efficace\/\">Cliquez ici pour lire l&rsquo;article depuis sa source.<\/a><\/p>\n","protected":false},"excerpt":{"rendered":"<p>Marrakech- L\u2019augmentation du nombre des crises et catastrophes naturelles exige une coordination efficace et efficiente au niveau arabe pour r\u00e9duire leurs impacts socio-\u00e9conomiques, a soulign\u00e9 mercredi, \u00e0 Marrakech, le ministre de l\u2019int\u00e9rieur, Abdelouafi Laftit. Dans une allocution lue en son nom par le secr\u00e9taire g\u00e9n\u00e9ral du minist\u00e8re de l\u2019Int\u00e9rieur, Mohamed Faouzi, \u00e0 l\u2019ouverture des travaux [&hellip;]<\/p>\n","protected":false},"author":1788,"featured_media":0,"comment_status":"closed","ping_status":"closed","sticky":false,"template":"","format":"standard","meta":{"fifu_image_url":"","fifu_image_alt":"","footnotes":""},"categories":[54,76],"tags":[],"class_list":["post-60798","post","type-post","status-publish","format-standard","hentry","category-maroc","category-regions"],"_links":{"self":[{"href":"https:\/\/linitiative.ca\/International\/wp-json\/wp\/v2\/posts\/60798","targetHints":{"allow":["GET"]}}],"collection":[{"href":"https:\/\/linitiative.ca\/International\/wp-json\/wp\/v2\/posts"}],"about":[{"href":"https:\/\/linitiative.ca\/International\/wp-json\/wp\/v2\/types\/post"}],"author":[{"embeddable":true,"href":"https:\/\/linitiative.ca\/International\/wp-json\/wp\/v2\/users\/1788"}],"replies":[{"embeddable":true,"href":"https:\/\/linitiative.ca\/International\/wp-json\/wp\/v2\/comments?post=60798"}],"version-history":[{"count":0,"href":"https:\/\/linitiative.ca\/International\/wp-json\/wp\/v2\/posts\/60798\/revisions"}],"wp:attachment":[{"href":"https:\/\/linitiative.ca\/International\/wp-json\/wp\/v2\/media?parent=60798"}],"wp:term":[{"taxonomy":"category","embeddable":true,"href":"https:\/\/linitiative.ca\/International\/wp-json\/wp\/v2\/categories?post=60798"},{"taxonomy":"post_tag","embeddable":true,"href":"https:\/\/linitiative.ca\/International\/wp-json\/wp\/v2\/tags?post=60798"}],"curies":[{"name":"wp","href":"https:\/\/api.w.org\/{rel}","templated":true}]}}