{"id":60800,"date":"2019-09-11T13:54:42","date_gmt":"2019-09-11T17:54:42","guid":{"rendered":"https:\/\/linitiative.ca\/International\/remise-de-24-bus-scolaires-a-des-communes-rurales-de-guercif\/"},"modified":"2019-09-11T13:54:42","modified_gmt":"2019-09-11T17:54:42","slug":"remise-de-24-bus-scolaires-a-des-communes-rurales-de-guercif","status":"publish","type":"post","link":"https:\/\/linitiative.ca\/International\/remise-de-24-bus-scolaires-a-des-communes-rurales-de-guercif\/","title":{"rendered":"Remise de 24 bus scolaires \u00e0 des communes rurales de Guercif"},"content":{"rendered":"<p class=\"c1\">Un lot de 24 bus scolaires a \u00e9t\u00e9 remis, mardi, \u00e0 des communes rurales de la province de Guercif \u00e0 l\u2019occasion de la rentr\u00e9e scolaire 2019-2020.<\/p>\n<p class=\"c1\">Le gouverneur de la province, Hassan Belmahi, a proc\u00e9d\u00e9 \u00e0 la remise de ces v\u00e9hicules scolaires aux pr\u00e9sidents des communes b\u00e9n\u00e9ficiaires, en pr\u00e9sence du directeur provincial de l\u2019Education nationale, du pr\u00e9sident du Conseil provincial, de chefs de services ext\u00e9rieurs et de repr\u00e9sentants de la soci\u00e9t\u00e9 civile.<\/p>\n<p class=\"c1\">Dans une d\u00e9claration \u00e0 la MAP, le chef de la Division de l\u2019action sociale \u00e0 la pr\u00e9fecture de la province de Guercif, Hassan Kara, a indiqu\u00e9 que ces bus scolaires ont \u00e9t\u00e9 acquis dans le cadre d\u2019une convention de partenariat entre la province de Guercif, les communes b\u00e9n\u00e9ficiaires et d\u2019autres partenaires, pour un montant de 8,4 millions de DH.<\/p>\n<p class=\"c1\">Cette initiative est de nature \u00e0 renforcer le service du transport scolaire dans la province, qui compte d\u00e9sormais 63 bus, sachant que trois autres v\u00e9hicules seront acquis prochainement dans le cadre de l\u2019Initiative nationale pour le d\u00e9veloppement humain (INDH), a-t-il affirm\u00e9.<\/p>\n<p class=\"c1\">Le renforcement de la flotte de bus scolaires contribuera au d\u00e9senclavement des zones rurales et au rapprochement et l\u2019am\u00e9lioration des services de l\u2019\u00e9ducation et de l\u2019enseignement, en plus de lutter efficacement contre la d\u00e9perdition scolaire et d\u2019encourager la scolarisation, notamment des filles, a relev\u00e9 M. Kara.<\/p>\n<p>Auteur: Soufiane ELAHMAR<br \/>\n<a href=\"http:\/\/www.mapoujda.ma\/fr\/remise-de-24-bus-scolaires-a-des-communes-rurales-de-guercif\/\">Cliquez ici pour lire l&rsquo;article depuis sa source.<\/a><\/p>\n","protected":false},"excerpt":{"rendered":"<p>Un lot de 24 bus scolaires a \u00e9t\u00e9 remis, mardi, \u00e0 des communes rurales de la province de Guercif \u00e0 l\u2019occasion de la rentr\u00e9e scolaire 2019-2020. Le gouverneur de la province, Hassan Belmahi, a proc\u00e9d\u00e9 \u00e0 la remise de ces v\u00e9hicules scolaires aux pr\u00e9sidents des communes b\u00e9n\u00e9ficiaires, en pr\u00e9sence du directeur provincial de l\u2019Education nationale, [&hellip;]<\/p>\n","protected":false},"author":1788,"featured_media":0,"comment_status":"closed","ping_status":"closed","sticky":false,"template":"","format":"standard","meta":{"fifu_image_url":"","fifu_image_alt":"","footnotes":""},"categories":[54,76],"tags":[],"class_list":["post-60800","post","type-post","status-publish","format-standard","hentry","category-maroc","category-regions"],"_links":{"self":[{"href":"https:\/\/linitiative.ca\/International\/wp-json\/wp\/v2\/posts\/60800","targetHints":{"allow":["GET"]}}],"collection":[{"href":"https:\/\/linitiative.ca\/International\/wp-json\/wp\/v2\/posts"}],"about":[{"href":"https:\/\/linitiative.ca\/International\/wp-json\/wp\/v2\/types\/post"}],"author":[{"embeddable":true,"href":"https:\/\/linitiative.ca\/International\/wp-json\/wp\/v2\/users\/1788"}],"replies":[{"embeddable":true,"href":"https:\/\/linitiative.ca\/International\/wp-json\/wp\/v2\/comments?post=60800"}],"version-history":[{"count":0,"href":"https:\/\/linitiative.ca\/International\/wp-json\/wp\/v2\/posts\/60800\/revisions"}],"wp:attachment":[{"href":"https:\/\/linitiative.ca\/International\/wp-json\/wp\/v2\/media?parent=60800"}],"wp:term":[{"taxonomy":"category","embeddable":true,"href":"https:\/\/linitiative.ca\/International\/wp-json\/wp\/v2\/categories?post=60800"},{"taxonomy":"post_tag","embeddable":true,"href":"https:\/\/linitiative.ca\/International\/wp-json\/wp\/v2\/tags?post=60800"}],"curies":[{"name":"wp","href":"https:\/\/api.w.org\/{rel}","templated":true}]}}