{"id":60803,"date":"2019-09-11T07:38:23","date_gmt":"2019-09-11T11:38:23","guid":{"rendered":"https:\/\/linitiative.ca\/International\/de-fortes-averses-de-pluie-accompagnees-de-grele-sur-plusieurs-wilayas-du-centre-du-pays\/"},"modified":"2019-09-11T07:38:23","modified_gmt":"2019-09-11T11:38:23","slug":"de-fortes-averses-de-pluie-accompagnees-de-grele-sur-plusieurs-wilayas-du-centre-du-pays","status":"publish","type":"post","link":"https:\/\/linitiative.ca\/International\/de-fortes-averses-de-pluie-accompagnees-de-grele-sur-plusieurs-wilayas-du-centre-du-pays\/","title":{"rendered":"De fortes averses de pluie accompagn\u00e9es de gr\u00eale sur plusieurs wilayas du Centre du pays"},"content":{"rendered":"<div>\n<div class=\"K2FeedImage\"><img decoding=\"async\" src=\"http:\/\/www.aps.dz\/media\/k2\/items\/cache\/ce141fc8223eef35df8673b8dc0d5471_S.jpg\" alt=\"De fortes averses de pluie accompagn\u00e9es de gr\u00eale sur plusieurs wilayas du Centre du pays\"><\/div>\n<div class=\"K2FeedIntroText\">\n<p><strong>ALGER &#8211; De fortes averses de pluies orageuses accompagn\u00e9es de chutes de gr\u00eale, affecteront \u00e0 partir de mercredi apr\u00e8s-midi plusieurs wilayas du Centre du pays, indique l&rsquo;Office national de m\u00e9t\u00e9orologie dans un Bulletin m\u00e9t\u00e9o sp\u00e9cial (BMS).<\/strong><\/p>\n<\/div>\n<div class=\"K2FeedFullText\">\n<p>Les wilayas concern\u00e9es sont Tizi Ouzou, Bouira, Boumerdes, Alger, Blida et M\u00e9d\u00e9a, pr\u00e9cise le BMS dont la validit\u00e9 s&rsquo;\u00e9tale de mercredi \u00e0 15h00 \u00e0 jeudi \u00e0 03h00.<\/p>\n<p>Les cumuls estim\u00e9s atteindront ou d\u00e9passeront localement 30 mm durant la p\u00e9riode de validit\u00e9 du BMS qui pr\u00e9voit \u00e9galement des rafales de vent sous orages.<\/p>\n<\/div>\n<\/div>\n<p>Auteur:<br \/>\n<a href=\"http:\/\/www.aps.dz\/regions\/94262-de-fortes-averses-de-pluie-accompagnees-de-grele-sur-plusieurs-wilayas-du-centre-du-pays\">Cliquez ici pour lire l&rsquo;article depuis sa source.<\/a><\/p>\n","protected":false},"excerpt":{"rendered":"<p>ALGER &#8211; De fortes averses de pluies orageuses accompagn\u00e9es de chutes de gr\u00eale, affecteront \u00e0 partir de mercredi apr\u00e8s-midi plusieurs wilayas du Centre du pays, indique l&rsquo;Office national de m\u00e9t\u00e9orologie dans un Bulletin m\u00e9t\u00e9o sp\u00e9cial (BMS). Les wilayas concern\u00e9es sont Tizi Ouzou, Bouira, Boumerdes, Alger, Blida et M\u00e9d\u00e9a, pr\u00e9cise le BMS dont la validit\u00e9 s&rsquo;\u00e9tale [&hellip;]<\/p>\n","protected":false},"author":1790,"featured_media":60804,"comment_status":"closed","ping_status":"closed","sticky":false,"template":"","format":"standard","meta":{"fifu_image_url":"","fifu_image_alt":"","footnotes":""},"categories":[53,76],"tags":[],"class_list":["post-60803","post","type-post","status-publish","format-standard","has-post-thumbnail","hentry","category-algerie","category-regions"],"_links":{"self":[{"href":"https:\/\/linitiative.ca\/International\/wp-json\/wp\/v2\/posts\/60803","targetHints":{"allow":["GET"]}}],"collection":[{"href":"https:\/\/linitiative.ca\/International\/wp-json\/wp\/v2\/posts"}],"about":[{"href":"https:\/\/linitiative.ca\/International\/wp-json\/wp\/v2\/types\/post"}],"author":[{"embeddable":true,"href":"https:\/\/linitiative.ca\/International\/wp-json\/wp\/v2\/users\/1790"}],"replies":[{"embeddable":true,"href":"https:\/\/linitiative.ca\/International\/wp-json\/wp\/v2\/comments?post=60803"}],"version-history":[{"count":0,"href":"https:\/\/linitiative.ca\/International\/wp-json\/wp\/v2\/posts\/60803\/revisions"}],"wp:featuredmedia":[{"embeddable":true,"href":"https:\/\/linitiative.ca\/International\/wp-json\/"}],"wp:attachment":[{"href":"https:\/\/linitiative.ca\/International\/wp-json\/wp\/v2\/media?parent=60803"}],"wp:term":[{"taxonomy":"category","embeddable":true,"href":"https:\/\/linitiative.ca\/International\/wp-json\/wp\/v2\/categories?post=60803"},{"taxonomy":"post_tag","embeddable":true,"href":"https:\/\/linitiative.ca\/International\/wp-json\/wp\/v2\/tags?post=60803"}],"curies":[{"name":"wp","href":"https:\/\/api.w.org\/{rel}","templated":true}]}}