{"id":60811,"date":"2019-09-11T15:14:02","date_gmt":"2019-09-11T19:14:02","guid":{"rendered":"https:\/\/linitiative.ca\/International\/equipe-dalgerie-belmadi-emballe-par-lidee-dun-match-face-a-la-france\/"},"modified":"2019-09-11T15:14:02","modified_gmt":"2019-09-11T19:14:02","slug":"equipe-dalgerie-belmadi-emballe-par-lidee-dun-match-face-a-la-france","status":"publish","type":"post","link":"https:\/\/linitiative.ca\/International\/equipe-dalgerie-belmadi-emballe-par-lidee-dun-match-face-a-la-france\/","title":{"rendered":"Equipe d&rsquo;Alg\u00e9rie : Belmadi emball\u00e9 par l\u2019id\u00e9e d\u2019un match face \u00e0 la France"},"content":{"rendered":"<div readability=\"32\">\n<p>Auteur : <span class=\"time\">mercredi 11 septembre 2019 18:18<\/span><\/p>\n<\/div>\n<div id=\"post_core\" readability=\"65\">\n<p>Invit\u00e9 de Team Duga ce mercredi sur RMC Sport, Djamel Belmadi est apparu tr\u00e8s enthousiaste \u00e0 l&rsquo;id\u00e9e de faire s&rsquo;affronter l&rsquo;Alg\u00e9rie et la France en match amical. Avec potentiellement des stades pr\u00eats \u00e0 Alger ou Oran. Oubli\u00e9 le souvenir du fiasco de 2001, place \u00e0 une nouvelle g\u00e9n\u00e9ration pr\u00eate \u00e0 vivre de beaux moments de r\u00e9conciliations. Comme affirm\u00e9 par No\u00ebl Le Gra\u00ebt en d\u00e9but de semaine, l&rsquo;id\u00e9e d&rsquo;un match amical entre l&rsquo;\u00e9quipe de France et l&rsquo;Alg\u00e9rie &#8211; donc entre les champions du monde et les vainqueurs de la derni\u00e8re Coupe d&rsquo;Afrique des nations &#8211; prend de l&rsquo;ampleur. La date de 2020 est m\u00eame \u00e9voqu\u00e9e. Invit\u00e9 ce mercredi de Team Duga sur RMC, Djamel Belmadi ne cachait pas son enthousiasme. Le s\u00e9lectionneur des Fennecs, qui y voit une belle opportunit\u00e9 d&rsquo;\u00e9crire une nouvelle page de l&rsquo;histoire commune entre les deux nations, assure que les Alg\u00e9riens seront emball\u00e9s.<\/p>\n<p><strong>\u00ab\u00a0On sait ce que le sport est capable de faire\u00a0\u00bb<\/strong><\/p>\n<p>\u00ab\u00a0D\u00e9j\u00e0 par l&rsquo;adversaire: deux fois champions du monde, on ne va pas faire la fine bouche! C&rsquo;est s\u00fbr que d&rsquo;un point de vue sportif, l&rsquo;int\u00e9r\u00eat est l\u00e0, c&rsquo;est l&rsquo;int\u00e9r\u00eat num\u00e9ro 1. Et par l&rsquo;histoire du pays&#8230; si cela peut arranger un peu les choses et assainir les relations. On m&rsquo;a pos\u00e9 la question et je l&rsquo;ai dit, je l\u00e8ve les deux mains pour \u00e7a. On sait ce que le sport est capable de faire, notamment le football, insiste l&rsquo;entra\u00eeneur. C&rsquo;est \u00e0 cela qu&rsquo;on aspire.\u00a0\u00bb<\/p>\n<p><strong>A Alger ou Oran?<\/strong><\/p>\n<p>Avec des stades en construction qui pourraient accueillir l&rsquo;\u00e9v\u00e9nement. \u00ab\u00a0Je sais qu&rsquo;en Alg\u00e9rie, l&rsquo;\u00e9quipe de France sera accueillie avec beaucoup de sympathie. O\u00f9 le jouer? Il faudra jouer deux matchs en fait, pour faire profiter tout le monde (sourire)! On a deux beaux stades en train de se construire, poursuit Djamel Belmadi. Je pense qu&rsquo;il y a une volont\u00e9 politique de vouloir, \u00e0 terme, peut-\u00eatre organiser une Coupe d&rsquo;Afrique. On parlait d&rsquo;octobre 2020. Je pense qu&rsquo;il y aura au moins deux stades termin\u00e9s, cela peut \u00eatre \u00e0 Alger ou Oran.\u00a0\u00bbrapporte RMC Sport<\/p>\n<p><strong>Publi\u00e9 dans :<\/strong> <span>Belmadi<\/span><\/p>\n<\/div>\n<p>Auteur:<br \/>\n<a href=\"http:\/\/www.lebuteur.com\/article\/detail?titre=belmadi-emballe-par-lidee-dun-match-face-a-la-france&#038;id=91637&#038;utm_source=feedburner&#038;utm_medium=feed&#038;utm_campaign=Feed%3A+GalerieFArtciles+%28Les+derniers+articles++-+lebuteur.com%29\">Cliquez ici pour lire l&rsquo;article depuis sa source.<\/a><\/p>\n","protected":false},"excerpt":{"rendered":"<p>Auteur : mercredi 11 septembre 2019 18:18 Invit\u00e9 de Team Duga ce mercredi sur RMC Sport, Djamel Belmadi est apparu tr\u00e8s enthousiaste \u00e0 l&rsquo;id\u00e9e de faire s&rsquo;affronter l&rsquo;Alg\u00e9rie et la France en match amical. Avec potentiellement des stades pr\u00eats \u00e0 Alger ou Oran. Oubli\u00e9 le souvenir du fiasco de 2001, place \u00e0 une nouvelle g\u00e9n\u00e9ration [&hellip;]<\/p>\n","protected":false},"author":1738,"featured_media":60812,"comment_status":"closed","ping_status":"closed","sticky":false,"template":"","format":"standard","meta":{"fifu_image_url":"","fifu_image_alt":"","footnotes":""},"categories":[53,75],"tags":[],"class_list":["post-60811","post","type-post","status-publish","format-standard","has-post-thumbnail","hentry","category-algerie","category-sport"],"_links":{"self":[{"href":"https:\/\/linitiative.ca\/International\/wp-json\/wp\/v2\/posts\/60811","targetHints":{"allow":["GET"]}}],"collection":[{"href":"https:\/\/linitiative.ca\/International\/wp-json\/wp\/v2\/posts"}],"about":[{"href":"https:\/\/linitiative.ca\/International\/wp-json\/wp\/v2\/types\/post"}],"author":[{"embeddable":true,"href":"https:\/\/linitiative.ca\/International\/wp-json\/wp\/v2\/users\/1738"}],"replies":[{"embeddable":true,"href":"https:\/\/linitiative.ca\/International\/wp-json\/wp\/v2\/comments?post=60811"}],"version-history":[{"count":0,"href":"https:\/\/linitiative.ca\/International\/wp-json\/wp\/v2\/posts\/60811\/revisions"}],"wp:featuredmedia":[{"embeddable":true,"href":"https:\/\/linitiative.ca\/International\/wp-json\/"}],"wp:attachment":[{"href":"https:\/\/linitiative.ca\/International\/wp-json\/wp\/v2\/media?parent=60811"}],"wp:term":[{"taxonomy":"category","embeddable":true,"href":"https:\/\/linitiative.ca\/International\/wp-json\/wp\/v2\/categories?post=60811"},{"taxonomy":"post_tag","embeddable":true,"href":"https:\/\/linitiative.ca\/International\/wp-json\/wp\/v2\/tags?post=60811"}],"curies":[{"name":"wp","href":"https:\/\/api.w.org\/{rel}","templated":true}]}}