{"id":60813,"date":"2019-09-11T15:14:03","date_gmt":"2019-09-11T19:14:03","guid":{"rendered":"https:\/\/linitiative.ca\/International\/equipe-dalgerie-belmadi-jai-du-enlever-quelques-elements-perturbateurs\/"},"modified":"2019-09-11T15:14:03","modified_gmt":"2019-09-11T19:14:03","slug":"equipe-dalgerie-belmadi-jai-du-enlever-quelques-elements-perturbateurs","status":"publish","type":"post","link":"https:\/\/linitiative.ca\/International\/equipe-dalgerie-belmadi-jai-du-enlever-quelques-elements-perturbateurs\/","title":{"rendered":"Equipe d&rsquo;Alg\u00e9rie : Belmadi : \u00abJ&rsquo;ai d\u00fb enlever quelques \u00e9l\u00e9ments perturbateurs\u00bb"},"content":{"rendered":"<div readability=\"32\">\n<p>Auteur : <span class=\"time\">mercredi 11 septembre 2019 19:02<\/span><\/p>\n<\/div>\n<div id=\"post_core\" readability=\"52\">\n<p>Choix des joueurs, culture de la gagne, cohabitation des binationaux et des locaux&#8230; Invit\u00e9 de Team Duga sur RMC, le s\u00e9lectionneur alg\u00e9rien Djamel Belmadi s&rsquo;est confi\u00e9 mercredi sur les chantiers qu&rsquo;il a d\u00fb entreprendre pour mener l&rsquo;\u00e9quipe nationale \u00e0 la victoire finale \u00e0 la CAN. Djamel Belmadi livre ses secrets. Pr\u00e8s de deux mois apr\u00e8s la victoire contre le S\u00e9n\u00e9gal en finale de la Coupe d&rsquo;Afrique des nations (1-0), le s\u00e9lectionneur de l&rsquo;Alg\u00e9rie a donn\u00e9 sur l&rsquo;antenne de RMC des d\u00e9tails sur sa m\u00e9thode de travail. Intronis\u00e9 en 2018, l&rsquo;ancien milieu de terrain a proc\u00e9d\u00e9 \u00e0 une profonde refonte structurelle de l&rsquo;\u00e9quipe qui \u00ab\u00a0sortait d&rsquo;un passage difficile\u00a0\u00bb et pour qui \u00ab\u00a0rien n&rsquo;\u00e9tait r\u00e9uni\u00a0\u00bb pour s&rsquo;imposer en \u00c9gypte. Invit\u00e9 de Team Duga, mercredi soir, Djamel Belmadi explique avoir voulu cultiver une culture de la gagne chez ses joueurs d\u00e8s sa premi\u00e8re conf\u00e9rence de presse suivant sa nomination en 2018: \u00ab\u00a0Je dis \u00e0 ce moment-l\u00e0 qu&rsquo;on va tout faire pour se qualifier et qu&rsquo;apr\u00e8s on va y aller en comp\u00e9tition et qu&rsquo;on sera l\u00e0 pour la gagner. (&#8230;) Le message que je voulais envoyer, c&rsquo;\u00e9tait de dire \u00e0 nos joueurs qu&rsquo;il faut avoir un discours un peu plus ambitieux, qu&rsquo;on la gagne ou pas\u00a0\u00bb. L&rsquo;autre chantier a \u00e9t\u00e9 le rapport des joueurs au pays: \u00ab\u00a0Il y avait beaucoup de choses \u00e0 r\u00e9gler, notamment dans la perception de ce qu&rsquo;ils avaient de l&rsquo;\u00e9quipe nationale. \u00c7a a \u00e9t\u00e9 souvent mal per\u00e7u, il y a eu de gros soucis entre les binationaux et ceux qui \u00e9taient au pays. C&rsquo;est un truc qu&rsquo;il fallait r\u00e9gler\u00a0\u00bb. L&rsquo;approche de la question l&rsquo;a d&rsquo;ailleurs incit\u00e9 \u00e0 s\u00e9lectionner Andy Delort \u00e0 la derni\u00e8re minute, alors qu&rsquo;il venait tout juste d&rsquo;\u00eatre naturalis\u00e9. Le travail le plus visible de Djamel Belmadi a sans doute \u00e9t\u00e9 dans le choix des joueurs, pens\u00e9 pour composer \u00ab\u00a0un groupe qui tire dans le m\u00eame sens\u00a0\u00bb et donc ne garder que ceux qui \u00e9taient en phase avec son discours. \u00ab\u00a0J&rsquo;ai d\u00fb enlever quelques \u00e9l\u00e9ments, plus ou moins perturbateurs. Il y avait des joueurs qui \u00e9taient install\u00e9s confortablement, qu&rsquo;ils fassent de bonnes ou mauvaises performances. Ils avaient la garantie de jouer le match d&rsquo;apr\u00e8s et s&rsquo;\u00e9taient accapar\u00e9s l&rsquo;\u00e9quipe nationale. J&rsquo;ai mis fin \u00e0 \u00e7a. J&rsquo;ai essay\u00e9 d&rsquo;instaurer une concurrence saine et loyale\u00a0\u00bb, a soulign\u00e9 le s\u00e9lectionneur, affirmant s&rsquo;\u00eatre inspir\u00e9 de la construction de l&rsquo;effectif de l&rsquo;\u00e9quipe de France championne du monde en 1998 rapporte RMC Sport.<\/p>\n<p><strong>Publi\u00e9 dans :<\/strong> <span>Belmadi<\/span><\/p>\n<\/div>\n<p>Auteur:<br \/>\n<a href=\"http:\/\/www.lebuteur.com\/article\/detail?titre=belmadi-jai-du-enlever-quelques-elements-perturbateurs&#038;id=91638&#038;utm_source=feedburner&#038;utm_medium=feed&#038;utm_campaign=Feed%3A+GalerieFArtciles+%28Les+derniers+articles++-+lebuteur.com%29\">Cliquez ici pour lire l&rsquo;article depuis sa source.<\/a><\/p>\n","protected":false},"excerpt":{"rendered":"<p>Auteur : mercredi 11 septembre 2019 19:02 Choix des joueurs, culture de la gagne, cohabitation des binationaux et des locaux&#8230; Invit\u00e9 de Team Duga sur RMC, le s\u00e9lectionneur alg\u00e9rien Djamel Belmadi s&rsquo;est confi\u00e9 mercredi sur les chantiers qu&rsquo;il a d\u00fb entreprendre pour mener l&rsquo;\u00e9quipe nationale \u00e0 la victoire finale \u00e0 la CAN. Djamel Belmadi livre [&hellip;]<\/p>\n","protected":false},"author":1738,"featured_media":60814,"comment_status":"closed","ping_status":"closed","sticky":false,"template":"","format":"standard","meta":{"fifu_image_url":"","fifu_image_alt":"","footnotes":""},"categories":[53,75],"tags":[],"class_list":["post-60813","post","type-post","status-publish","format-standard","has-post-thumbnail","hentry","category-algerie","category-sport"],"_links":{"self":[{"href":"https:\/\/linitiative.ca\/International\/wp-json\/wp\/v2\/posts\/60813","targetHints":{"allow":["GET"]}}],"collection":[{"href":"https:\/\/linitiative.ca\/International\/wp-json\/wp\/v2\/posts"}],"about":[{"href":"https:\/\/linitiative.ca\/International\/wp-json\/wp\/v2\/types\/post"}],"author":[{"embeddable":true,"href":"https:\/\/linitiative.ca\/International\/wp-json\/wp\/v2\/users\/1738"}],"replies":[{"embeddable":true,"href":"https:\/\/linitiative.ca\/International\/wp-json\/wp\/v2\/comments?post=60813"}],"version-history":[{"count":0,"href":"https:\/\/linitiative.ca\/International\/wp-json\/wp\/v2\/posts\/60813\/revisions"}],"wp:featuredmedia":[{"embeddable":true,"href":"https:\/\/linitiative.ca\/International\/wp-json\/"}],"wp:attachment":[{"href":"https:\/\/linitiative.ca\/International\/wp-json\/wp\/v2\/media?parent=60813"}],"wp:term":[{"taxonomy":"category","embeddable":true,"href":"https:\/\/linitiative.ca\/International\/wp-json\/wp\/v2\/categories?post=60813"},{"taxonomy":"post_tag","embeddable":true,"href":"https:\/\/linitiative.ca\/International\/wp-json\/wp\/v2\/tags?post=60813"}],"curies":[{"name":"wp","href":"https:\/\/api.w.org\/{rel}","templated":true}]}}