{"id":60818,"date":"2019-09-10T20:00:00","date_gmt":"2019-09-11T00:00:00","guid":{"rendered":"https:\/\/linitiative.ca\/International\/le-chef-de-letat-opere-un-mouvement-au-sein-des-cadres-superieurs-de-ladministration-centrale-de-la-dgsn\/"},"modified":"2019-09-10T20:00:00","modified_gmt":"2019-09-11T00:00:00","slug":"le-chef-de-letat-opere-un-mouvement-au-sein-des-cadres-superieurs-de-ladministration-centrale-de-la-dgsn","status":"publish","type":"post","link":"https:\/\/linitiative.ca\/International\/le-chef-de-letat-opere-un-mouvement-au-sein-des-cadres-superieurs-de-ladministration-centrale-de-la-dgsn\/","title":{"rendered":"Le Chef de l\u2019\u00e9tat op\u00e8re un mouvement au sein des cadres sup\u00e9rieurs de l\u2019administration centrale de la DGSN"},"content":{"rendered":"<p>Le chef de l\u2019Etat, Abdelkader Bensalah, a op\u00e9r\u00e9, lundi, un mouvement au sein des cadres sup\u00e9rieurs de l\u2019administration centrale de la Direction g\u00e9n\u00e9rale de la S\u00fbret\u00e9 nationale (DGSN), ayant touch\u00e9 11 postes, indique un communiqu\u00e9 de la Pr\u00e9sidence de la R\u00e9publique.<\/p>\n<div readability=\"24\">\n<p>\u00abLe chef de l\u2019Etat Abdelkader Bensalah a op\u00e9r\u00e9 un mouvement au sein des cadres sup\u00e9rieurs de l\u2019administration centrale de la DGSN, ayant touch\u00e9 onze (11) postes\u00bb, pr\u00e9cise la m\u00eame source. Ont \u00e9t\u00e9 nomm\u00e9s MM: &#8211; Djamel Benderradji, Inspecteur g\u00e9n\u00e9ral des services. &#8211; Mohamed Noui Sifi, Directeur de la Police aux fronti\u00e8res (PAF). &#8211; Arezki Hadj Said, Directeur de la Police judiciaire (PJ). &#8211; Benyettou Benziane, Directeur des renseignements g\u00e9n\u00e9raux. &#8211; Si-Mohand Mohamed Said, Directeur de la Police g\u00e9n\u00e9rale. &#8211; Fouad Sib: Directeur de l\u2019Administration g\u00e9n\u00e9rale. &#8211; Mohamed Adjouadi, Directeur des \u00e9tudes, chef de cabinet du DGSN. &#8211; Mohamed Malek, Directeur des \u00e9tudes, charg\u00e9 de l\u2019enseignement et des \u00e9coles. &#8211; Ali Faragh, Directeur des \u00e9tudes charg\u00e9 de l\u2019Ecole sup\u00e9rieure de police. &#8211; Ahmed Bourabia, Directeur adjoint aux \u00e9quipements. &#8211; Abdelkader Mostefaoui, Directeur adjoint du personnel\u00bb.<\/p>\n<\/div>\n<p>Auteur: elmoudjahid<br \/>\n<a href=\"http:\/\/www.elmoudjahid.com\/fr\/actualites\/141867\">Cliquez ici pour lire l&rsquo;article depuis sa source.<\/a><\/p>\n","protected":false},"excerpt":{"rendered":"<p>Le chef de l\u2019Etat, Abdelkader Bensalah, a op\u00e9r\u00e9, lundi, un mouvement au sein des cadres sup\u00e9rieurs de l\u2019administration centrale de la Direction g\u00e9n\u00e9rale de la S\u00fbret\u00e9 nationale (DGSN), ayant touch\u00e9 11 postes, indique un communiqu\u00e9 de la Pr\u00e9sidence de la R\u00e9publique. \u00abLe chef de l\u2019Etat Abdelkader Bensalah a op\u00e9r\u00e9 un mouvement au sein des cadres [&hellip;]<\/p>\n","protected":false},"author":1744,"featured_media":0,"comment_status":"closed","ping_status":"closed","sticky":false,"template":"","format":"standard","meta":{"fifu_image_url":"","fifu_image_alt":"","footnotes":""},"categories":[73,53],"tags":[],"class_list":["post-60818","post","type-post","status-publish","format-standard","hentry","category-actualite","category-algerie"],"_links":{"self":[{"href":"https:\/\/linitiative.ca\/International\/wp-json\/wp\/v2\/posts\/60818","targetHints":{"allow":["GET"]}}],"collection":[{"href":"https:\/\/linitiative.ca\/International\/wp-json\/wp\/v2\/posts"}],"about":[{"href":"https:\/\/linitiative.ca\/International\/wp-json\/wp\/v2\/types\/post"}],"author":[{"embeddable":true,"href":"https:\/\/linitiative.ca\/International\/wp-json\/wp\/v2\/users\/1744"}],"replies":[{"embeddable":true,"href":"https:\/\/linitiative.ca\/International\/wp-json\/wp\/v2\/comments?post=60818"}],"version-history":[{"count":0,"href":"https:\/\/linitiative.ca\/International\/wp-json\/wp\/v2\/posts\/60818\/revisions"}],"wp:attachment":[{"href":"https:\/\/linitiative.ca\/International\/wp-json\/wp\/v2\/media?parent=60818"}],"wp:term":[{"taxonomy":"category","embeddable":true,"href":"https:\/\/linitiative.ca\/International\/wp-json\/wp\/v2\/categories?post=60818"},{"taxonomy":"post_tag","embeddable":true,"href":"https:\/\/linitiative.ca\/International\/wp-json\/wp\/v2\/tags?post=60818"}],"curies":[{"name":"wp","href":"https:\/\/api.w.org\/{rel}","templated":true}]}}