{"id":60819,"date":"2019-09-10T20:00:00","date_gmt":"2019-09-11T00:00:00","guid":{"rendered":"https:\/\/linitiative.ca\/International\/m-gaid-salah-en-5e-region-militaire-a-constantine-examiner-la-performance-des-unites\/"},"modified":"2019-09-10T20:00:00","modified_gmt":"2019-09-11T00:00:00","slug":"m-gaid-salah-en-5e-region-militaire-a-constantine-examiner-la-performance-des-unites","status":"publish","type":"post","link":"https:\/\/linitiative.ca\/International\/m-gaid-salah-en-5e-region-militaire-a-constantine-examiner-la-performance-des-unites\/","title":{"rendered":"M. Ga\u00efd Salah en 5e R\u00e9gion militaire \u00e0 Constantine :  Examiner  la performance des unit\u00e9s"},"content":{"rendered":"<p>Dans la dynamique de ses visites sur le terrain aux diff\u00e9rentes R\u00e9gions militaires et \u00e0 l\u2019entame de l\u2019ann\u00e9e de pr\u00e9paration au combat 2019-2020, le g\u00e9n\u00e9ral de corps d\u2019Arm\u00e9e, Ahmed Ga\u00efd Salah, vice-ministre de la D\u00e9fense nationale, chef d\u2019\u00e9tat-major de l\u2019Arm\u00e9e nationale populaire effectue, depuis hier, une visite de travail et d\u2019inspection en 5e R\u00e9gion militaire \u00e0 Constantine, indique un communiqu\u00e9 parvenu \u00e0 notre r\u00e9daction.<\/p>\n<p>Lors de cette visite,\u00a0 le g\u00e9n\u00e9ral de corps d\u2019Arm\u00e9e proc\u00e8dera \u00e0 l\u2019inspection de certaines unit\u00e9s et tiendra des r\u00e9unions d\u2019orientation avec leurs cadres et personnels. A son arriv\u00e9e \u00e0 la base a\u00e9rienne de Biskra et \u00e0 l\u2019issue de la c\u00e9r\u00e9monie d\u2019accueil par le g\u00e9n\u00e9ral-major Amar Athamnia, commandant de la 5e R\u00e9gion militaire et le g\u00e9n\u00e9ral-major Hassen Ala\u00efmia, Commandant de la 4e R\u00e9gion militaire, le g\u00e9n\u00e9ral de corps d\u2019Arm\u00e9e a soulign\u00e9 devant les cadres que l\u2019int\u00e9r\u00eat particulier qu\u2019il accorde \u00e0 l\u2019intensification de ses visites au niveau des R\u00e9gions militaires et de leurs grandes Unit\u00e9s, intervient pour s\u2019enqu\u00e9rir des conditions de vie et de travail des personnels militaires, ainsi que pour examiner de pr\u00e8s la performance et le rendement des unit\u00e9s et des personnels, et cerner tous les facteurs \u00e0 m\u00eame de donner la valeur ajout\u00e9e escompt\u00e9e qui cadre avec l\u2019essence des missions nobles d\u00e9volues \u00e0 l\u2019Arm\u00e9e nationale populaire.<\/p>\n<p>Auteur: elmoudjahid<br \/>\n<a href=\"http:\/\/www.elmoudjahid.com\/fr\/actualites\/141868\">Cliquez ici pour lire l&rsquo;article depuis sa source.<\/a><\/p>\n","protected":false},"excerpt":{"rendered":"<p>Dans la dynamique de ses visites sur le terrain aux diff\u00e9rentes R\u00e9gions militaires et \u00e0 l\u2019entame de l\u2019ann\u00e9e de pr\u00e9paration au combat 2019-2020, le g\u00e9n\u00e9ral de corps d\u2019Arm\u00e9e, Ahmed Ga\u00efd Salah, vice-ministre de la D\u00e9fense nationale, chef d\u2019\u00e9tat-major de l\u2019Arm\u00e9e nationale populaire effectue, depuis hier, une visite de travail et d\u2019inspection en 5e R\u00e9gion militaire [&hellip;]<\/p>\n","protected":false},"author":1744,"featured_media":0,"comment_status":"closed","ping_status":"closed","sticky":false,"template":"","format":"standard","meta":{"fifu_image_url":"","fifu_image_alt":"","footnotes":""},"categories":[73,53],"tags":[],"class_list":["post-60819","post","type-post","status-publish","format-standard","hentry","category-actualite","category-algerie"],"_links":{"self":[{"href":"https:\/\/linitiative.ca\/International\/wp-json\/wp\/v2\/posts\/60819","targetHints":{"allow":["GET"]}}],"collection":[{"href":"https:\/\/linitiative.ca\/International\/wp-json\/wp\/v2\/posts"}],"about":[{"href":"https:\/\/linitiative.ca\/International\/wp-json\/wp\/v2\/types\/post"}],"author":[{"embeddable":true,"href":"https:\/\/linitiative.ca\/International\/wp-json\/wp\/v2\/users\/1744"}],"replies":[{"embeddable":true,"href":"https:\/\/linitiative.ca\/International\/wp-json\/wp\/v2\/comments?post=60819"}],"version-history":[{"count":0,"href":"https:\/\/linitiative.ca\/International\/wp-json\/wp\/v2\/posts\/60819\/revisions"}],"wp:attachment":[{"href":"https:\/\/linitiative.ca\/International\/wp-json\/wp\/v2\/media?parent=60819"}],"wp:term":[{"taxonomy":"category","embeddable":true,"href":"https:\/\/linitiative.ca\/International\/wp-json\/wp\/v2\/categories?post=60819"},{"taxonomy":"post_tag","embeddable":true,"href":"https:\/\/linitiative.ca\/International\/wp-json\/wp\/v2\/tags?post=60819"}],"curies":[{"name":"wp","href":"https:\/\/api.w.org\/{rel}","templated":true}]}}