{"id":60820,"date":"2019-09-10T20:00:00","date_gmt":"2019-09-11T00:00:00","guid":{"rendered":"https:\/\/linitiative.ca\/International\/commentaire-cap-sur-lelection-presidentielle\/"},"modified":"2019-09-10T20:00:00","modified_gmt":"2019-09-11T00:00:00","slug":"commentaire-cap-sur-lelection-presidentielle","status":"publish","type":"post","link":"https:\/\/linitiative.ca\/International\/commentaire-cap-sur-lelection-presidentielle\/","title":{"rendered":"Commentaire :  Cap sur l\u2019\u00e9lection  pr\u00e9sidentielle"},"content":{"rendered":"<p>Le processus \u00e9lectoral est d\u00e9sormais enclench\u00e9 et les pr\u00e9paratifs pour l\u2019organisation de l\u2019\u00e9lection pr\u00e9sidentielle sont entam\u00e9s. Depuis lundi, le coup d\u2019envoi est donn\u00e9 pour la mise en place des conditions mat\u00e9rielles et r\u00e9glementaires pour la tenue du scrutin pr\u00e9sidentiel avant la fin de l\u2019ann\u00e9e. Cette option politique, privil\u00e9gi\u00e9e dans le r\u00e8glement de la crise, a fini par s\u2019imposer comme une voie incontournable et irr\u00e9versible. Les r\u00e9serves exprim\u00e9es par une partie de la classe politique se sont dissip\u00e9es, laissant place \u00e0 l\u2019amorce du processus des pr\u00e9paratifs qui avance \u00e0 une cadence soutenue. L\u2019option du retour rapide aux urnes gagne du terrain et enregistre de nouvelles adh\u00e9sions et d\u00e9fenseurs y compris parmi ceux qui \u00e9taient les plus sceptiques au d\u00e9but du dialogue. Plusieurs acteurs politiques et chefs de parti ont fini par admettre que la tenue d\u2019une \u00e9lection pr\u00e9sidentielle dans les d\u00e9lais les plus rapproch\u00e9s reste la meilleure voie de sortie de crise, m\u00eame si leur position est parfois assortie de quelques conditions et pr\u00e9alables concernant notamment le volet relatif \u00e0 l\u2019organisation et le contr\u00f4le des diff\u00e9rentes \u00e9tapes du scrutin. Il est ind\u00e9niable que la tenue de l\u2019\u00e9lection pr\u00e9sidentielle est devenue une r\u00e9alit\u00e9 en voie de concr\u00e9tisation apr\u00e8s qu\u2019elle s\u2019est impos\u00e9e par la force des arguments politiques et d\u00e9mocratiques comme la voie in\u00e9luctable pour le r\u00e8glement de la crise. Mettre fin \u00e0 la crise avec ses cons\u00e9quences sur la vie \u00e9conomique exige le retour aux urnes pour l\u2019int\u00e9r\u00eat de tous. Cette voie est pr\u00e9conis\u00e9e pour permettre l\u2019\u00e9lection rapide d\u2019un pr\u00e9sident librement choisi par le peuple pour op\u00e9rer les changements n\u00e9cessaires et engager les r\u00e9formes sur tous les plans. Par la tenue de la pr\u00e9sidentielle, il s\u2019agit aussi et surtout de privil\u00e9gier la voie constitutionnelle dans la r\u00e9solution de la crise et d\u2019\u00e9viter au pays un vide politique et institutionnel pr\u00e9judiciable. L\u2019int\u00e9r\u00eat supr\u00eame du pays prime toute autre consid\u00e9ration et passe irr\u00e9versiblement par l\u2019\u00e9lection d\u2019un pr\u00e9sident dot\u00e9 d\u2019un mandat populaire pour engager le pays sur la voie du d\u00e9veloppement et du progr\u00e8s sur tous les plans.\u00a0 Il est important de relever que les r\u00e9sultats r\u00e9alis\u00e9s par le travail effectu\u00e9 par l\u2019instance dirig\u00e9e par Karim Youn\u00e8s ont sans doute encourag\u00e9 et renforc\u00e9 la volont\u00e9 d\u2019organiser l\u2019\u00e9lection pr\u00e9sidentielle dans les plus brefs d\u00e9lais. Le dialogue et la m\u00e9diation entrepris par le panel ont suffisamment pr\u00e9par\u00e9 le terrain, \u00e0 travers notamment les garanties politiques mises sur la table pour convaincre les plus r\u00e9ticents sur la transparence et la r\u00e9gularit\u00e9 du futur scrutin. Les garanties et les assurances donn\u00e9es sont d\u00e9j\u00e0 suffisantes et seront encore renforc\u00e9es par l\u2019institution de la haute autorit\u00e9 de l\u2019organisation de l\u2019\u00e9lection dont la mise en place ne saurait tarder. Cette structure, une revendication mise en avant par l\u2019ensemble de la classe politique et notamment par l\u2019opposition, constitue une avanc\u00e9e importante et incontestable et offre beaucoup de garanties et de cr\u00e9dibilit\u00e9 au processus \u00e9lectoral. Le travail r\u00e9alis\u00e9 par l\u2019Instance de dialogue et de m\u00e9diation a permis incontestablement \u00e0 la voix de la raison et de la sagesse de s\u2019imposer et l\u2019emporter au nom des int\u00e9r\u00eats sup\u00e9rieurs du pays. Apr\u00e8s des semaines de concertation et de m\u00e9diation, il faut dire que les r\u00e9sultats obtenus sont satisfaisants et encourageants et ont permis d\u2019ouvrir la voie pour la concr\u00e9tisation d\u2019un des objectifs les plus importants celui du retour aux urnes, option incontournable et irr\u00e9versible en conformit\u00e9 avec la Constitution. Pendant des semaines, les membres du panel ont par leur travail montr\u00e9 des capacit\u00e9s d\u2019\u00e9coute, de suivi et d\u2019accompagnement extr\u00eamement importantes, en permettant \u00e0 toutes les bonnes volont\u00e9s qui ont r\u00e9pondu favorablement \u00e0 l\u2019appel au dialogue d\u2019exprimer et exposer leurs points de vue et de d\u00e9cliner leurs propositions. A pr\u00e9sent, c\u2019est la deuxi\u00e8me \u00e9tape qui est enclench\u00e9e : celle de la mise en place des conditions et instruments de concr\u00e9tisation de la tenue rapide du futur scrutin pr\u00e9sidentiel. Les textes l\u00e9gislatifs et r\u00e9glementaires portant cr\u00e9ation et institution d\u2019une haute autorit\u00e9 d\u2019organisation, de supervision et de contr\u00f4le des \u00e9lections sont finalis\u00e9s et adopt\u00e9s par le conseil des ministres tenu lundi sous la pr\u00e9sidence du chef de l\u2019Etat. Les textes en question seront examin\u00e9s, enrichis et adopt\u00e9s par les parlementaires pour qu\u2019ils soient pr\u00eats \u00e0 \u00eatre mis en \u0153uvre. La phase des pr\u00e9paratifs sera couronn\u00e9e prochainement par la convocation du corps \u00e9lectoral et le d\u00e9but des op\u00e9rations \u00e9lectorales pour permettre l\u2019organisation de l\u2019\u00e9lection pr\u00e9sidentielle avant la fin de l\u2019ann\u00e9e en cours. Tous les efforts seront d\u00e9ploy\u00e9s et les moyens mobilis\u00e9s pour la r\u00e9ussite de ce scrutin, qui permettra l\u2019\u00e9lection libre et d\u00e9mocratique d\u2019un pr\u00e9sident de la R\u00e9publique dans des conditions de transparence et de r\u00e9gularit\u00e9 totales.<\/p>\n<p><strong>M. Oumalek<\/strong><\/p>\n<p>Auteur: elmoudjahid<br \/>\n<a href=\"http:\/\/www.elmoudjahid.com\/fr\/actualites\/141869\">Cliquez ici pour lire l&rsquo;article depuis sa source.<\/a><\/p>\n","protected":false},"excerpt":{"rendered":"<p>Le processus \u00e9lectoral est d\u00e9sormais enclench\u00e9 et les pr\u00e9paratifs pour l\u2019organisation de l\u2019\u00e9lection pr\u00e9sidentielle sont entam\u00e9s. Depuis lundi, le coup d\u2019envoi est donn\u00e9 pour la mise en place des conditions mat\u00e9rielles et r\u00e9glementaires pour la tenue du scrutin pr\u00e9sidentiel avant la fin de l\u2019ann\u00e9e. Cette option politique, privil\u00e9gi\u00e9e dans le r\u00e8glement de la crise, a [&hellip;]<\/p>\n","protected":false},"author":1744,"featured_media":0,"comment_status":"closed","ping_status":"closed","sticky":false,"template":"","format":"standard","meta":{"fifu_image_url":"","fifu_image_alt":"","footnotes":""},"categories":[73,53],"tags":[],"class_list":["post-60820","post","type-post","status-publish","format-standard","hentry","category-actualite","category-algerie"],"_links":{"self":[{"href":"https:\/\/linitiative.ca\/International\/wp-json\/wp\/v2\/posts\/60820","targetHints":{"allow":["GET"]}}],"collection":[{"href":"https:\/\/linitiative.ca\/International\/wp-json\/wp\/v2\/posts"}],"about":[{"href":"https:\/\/linitiative.ca\/International\/wp-json\/wp\/v2\/types\/post"}],"author":[{"embeddable":true,"href":"https:\/\/linitiative.ca\/International\/wp-json\/wp\/v2\/users\/1744"}],"replies":[{"embeddable":true,"href":"https:\/\/linitiative.ca\/International\/wp-json\/wp\/v2\/comments?post=60820"}],"version-history":[{"count":0,"href":"https:\/\/linitiative.ca\/International\/wp-json\/wp\/v2\/posts\/60820\/revisions"}],"wp:attachment":[{"href":"https:\/\/linitiative.ca\/International\/wp-json\/wp\/v2\/media?parent=60820"}],"wp:term":[{"taxonomy":"category","embeddable":true,"href":"https:\/\/linitiative.ca\/International\/wp-json\/wp\/v2\/categories?post=60820"},{"taxonomy":"post_tag","embeddable":true,"href":"https:\/\/linitiative.ca\/International\/wp-json\/wp\/v2\/tags?post=60820"}],"curies":[{"name":"wp","href":"https:\/\/api.w.org\/{rel}","templated":true}]}}