{"id":60821,"date":"2019-09-10T20:00:00","date_gmt":"2019-09-11T00:00:00","guid":{"rendered":"https:\/\/linitiative.ca\/International\/une-etape-cruciale\/"},"modified":"2019-09-10T20:00:00","modified_gmt":"2019-09-11T00:00:00","slug":"une-etape-cruciale","status":"publish","type":"post","link":"https:\/\/linitiative.ca\/International\/une-etape-cruciale\/","title":{"rendered":"UNE \u00c9TAPE CRUCIALE"},"content":{"rendered":"<p><strong>M. Ga\u00efd Salah : \u00ab La voie pour sortir de cette crise \u00bb<\/strong><\/p>\n<p>L&rsquo;\u00e9lection pr\u00e9sidentielle, que l&rsquo;Alg\u00e9rie s&rsquo;appr\u00eate \u00e0 organiser, constitue \u00abla voie pour se relever de ses cendres et sortir de cette crise que traverse le pays\u00bb, a affirm\u00e9, lundi dernier \u00e0 Alger, le g\u00e9n\u00e9ral de corps d&rsquo;Arm\u00e9e, Ahmed Ga\u00efd Salah, vice-ministre de la D\u00e9fense nationale, chef d&rsquo;\u00e9tat-major de l&rsquo;Arm\u00e9e nationale populaire (ANP).\u00a0<\/p>\n<div readability=\"73\">\n<p>\u00abL&rsquo;Alg\u00e9rie a pu, gr\u00e2ce \u00e0 ses vaillants fils et \u00e0 leur t\u00eate l&rsquo;Arm\u00e9e nationale populaire, digne h\u00e9riti\u00e8re de l&rsquo;Arm\u00e9e de lib\u00e9ration nationale, d\u00e9passer cette phase et se pr\u00e9parer, apr\u00e8s une courte p\u00e9riode, \u00e0 organiser les pr\u00e9sidentielles qui constituent la voie pour se relever de ses cendres et sortir de cette crise\u00bb, a-t-il soulign\u00e9 dans son intervention lors de la r\u00e9union du Conseil des ministres, pr\u00e9sid\u00e9e par le chef de l&rsquo;Etat, Abdelkader Bensalah. Rappelant les positions de l&rsquo;ANP depuis le d\u00e9but de la crise \u00e0 laquelle est confront\u00e9e l&rsquo;Alg\u00e9rie, le vice-ministre de la D\u00e9fense nationale a soutenu que \u00ables faits ont prouv\u00e9 que la vision judicieuse et l&rsquo;\u00e9valuation objective et rationnelle des causes de la crise que vit notre pays, constituent cette raison pond\u00e9r\u00e9e gr\u00e2ce \u00e0 laquelle les choses ont trouv\u00e9 leur \u00e9quilibre et \u00e0 travers laquelle le processus constitutionnel \u00e0 suivre est devenu plus visible, en d\u00e9pit des circonstances difficiles qu&rsquo;\u00e0 travers\u00e9es notre pays\u00bb.<\/p>\n<p>\u00a0Des circonstances, a-t-il poursuivi, \u00abdurant lesquelles certaines parties ont cru pouvoir orienter les \u00e9v\u00e9nements suivant leur vision, loin de l&rsquo;opinion de la majorit\u00e9 \u00e9crasante du peuple alg\u00e9rien et en conformit\u00e9 avec leurs int\u00e9r\u00eats personnels \u00e9troits, m\u00eame si cela devait se faire aux d\u00e9pens de l&rsquo;Alg\u00e9rie et au d\u00e9triment de son int\u00e9r\u00eat supr\u00eame, mais elles ont \u00e9t\u00e9 d\u00e9\u00e7ues et l&rsquo;Alg\u00e9rie a poursuivi son chemin \u00e0 la lumi\u00e8re de l&rsquo;accompagnement permanent de l&rsquo;ANP \u00e0 ce processus d\u00e9licat et sensible\u00bb.<\/p>\n<p>\u00a0Pour Ga\u00efd Salah, \u00abla derni\u00e8re phase de ce processus sensible, repr\u00e9sent\u00e9e par les \u00e9lections pr\u00e9sidentielles, est le fruit d&rsquo;une vision \u00e9clair\u00e9e et perspicace dont nous avons r\u00e9ussi, au sein de l&rsquo;ANP, \u00e0 anticiper les \u00e9v\u00e9nements avec clairvoyance et discernement\u00bb. \u00abEn effet, chaque pas que nous avons parcouru avec conviction et pers\u00e9v\u00e9rance avait un \u00e9cho positif et avait atteint les r\u00e9sultats esp\u00e9r\u00e9s, et il est certain que l&rsquo;adh\u00e9sion populaire autour de la vision adopt\u00e9e aujourd&rsquo;hui repr\u00e9sente un gage d&rsquo;affection du peuple envers son arm\u00e9e\u00bb, a-t-il ajout\u00e9. Le chef d&rsquo;\u00e9tat-major de l&rsquo;ANP a mis l&rsquo;accent, \u00e0 ce titre, sur les efforts d\u00e9ploy\u00e9s par l&rsquo;arm\u00e9e alg\u00e9rienne qui a \u00abgrandement veill\u00e9 \u00e0 pr\u00e9server les institutions de l&rsquo;Etat\u00bb. \u00abNous avons consid\u00e9r\u00e9 la sauvegarde de ces institutions comme \u00e9tant la sauvegarde des piliers de l&rsquo;Etat alg\u00e9rien et la pr\u00e9servation de sa dignit\u00e9 au niveau national et dans les instances internationales\u00bb, a-t-il soulign\u00e9. \u00abIl est certain que toutes ces r\u00e9alisations que le gouvernement a pu concr\u00e9tiser dans ces circonstances difficiles, voire parfois d\u00e9favorables et hostiles, sont de r\u00e9els acquis que seul un ingrat peut nier\u00bb, a-t-il estim\u00e9.\u00a0<\/p>\n<p>Ga\u00efd Salah a relev\u00e9, dans ce contexte, \u00abla r\u00e9ussite des institutions de l&rsquo;Etat \u00e0 la lumi\u00e8re de l&rsquo;accompagnement vigilant de l&rsquo;institution militaire afin de parcourir toutes les phases\u00bb, citant, \u00e0 ce propos, \u00abla prise en charge r\u00e9ussie des exigences d&rsquo;ex\u00e9cution des examens de fin d&rsquo;ann\u00e9e scolaire, sans oublier la bonne gestion, voire la mise en place des conditions idoines et appropri\u00e9es pour la rentr\u00e9e sociale et scolaire de la nouvelle ann\u00e9e scolaire 2019-2020\u00bb.<\/p>\n<p>\u00a0\u00abTelles sont les mesures judicieuses qui ont permis d&rsquo;\u00e9viter de nombreux probl\u00e8mes et ont emp\u00each\u00e9 les ennemis de l&rsquo;Alg\u00e9rie, \u00e0 l&rsquo;int\u00e9rieur comme \u00e0 l&rsquo;ext\u00e9rieur, de trouver des pr\u00e9textes pour se lancer dans la critique destructive et non constructive\u00bb, a-t-il affirm\u00e9.<\/p>\n<p>\u00a0Le vice-ministre de la D\u00e9fense nationale a exprim\u00e9 son souhait que le bon Dieu \u00abpr\u00e9serve l&rsquo;Alg\u00e9rie et guide ses fid\u00e8les fils sur le droit chemin pour mener notre pays vers ce qu&rsquo;il y a de meilleur sur tous les plans\u00bb.\u00a0<\/p>\n<\/div>\n<p>Auteur: elmoudjahid<br \/>\n<a href=\"http:\/\/www.elmoudjahid.com\/fr\/actualites\/141870\">Cliquez ici pour lire l&rsquo;article depuis sa source.<\/a><\/p>\n","protected":false},"excerpt":{"rendered":"<p>M. Ga\u00efd Salah : \u00ab La voie pour sortir de cette crise \u00bb L&rsquo;\u00e9lection pr\u00e9sidentielle, que l&rsquo;Alg\u00e9rie s&rsquo;appr\u00eate \u00e0 organiser, constitue \u00abla voie pour se relever de ses cendres et sortir de cette crise que traverse le pays\u00bb, a affirm\u00e9, lundi dernier \u00e0 Alger, le g\u00e9n\u00e9ral de corps d&rsquo;Arm\u00e9e, Ahmed Ga\u00efd Salah, vice-ministre de la [&hellip;]<\/p>\n","protected":false},"author":1744,"featured_media":0,"comment_status":"closed","ping_status":"closed","sticky":false,"template":"","format":"standard","meta":{"fifu_image_url":"","fifu_image_alt":"","footnotes":""},"categories":[73,53],"tags":[],"class_list":["post-60821","post","type-post","status-publish","format-standard","hentry","category-actualite","category-algerie"],"_links":{"self":[{"href":"https:\/\/linitiative.ca\/International\/wp-json\/wp\/v2\/posts\/60821","targetHints":{"allow":["GET"]}}],"collection":[{"href":"https:\/\/linitiative.ca\/International\/wp-json\/wp\/v2\/posts"}],"about":[{"href":"https:\/\/linitiative.ca\/International\/wp-json\/wp\/v2\/types\/post"}],"author":[{"embeddable":true,"href":"https:\/\/linitiative.ca\/International\/wp-json\/wp\/v2\/users\/1744"}],"replies":[{"embeddable":true,"href":"https:\/\/linitiative.ca\/International\/wp-json\/wp\/v2\/comments?post=60821"}],"version-history":[{"count":0,"href":"https:\/\/linitiative.ca\/International\/wp-json\/wp\/v2\/posts\/60821\/revisions"}],"wp:attachment":[{"href":"https:\/\/linitiative.ca\/International\/wp-json\/wp\/v2\/media?parent=60821"}],"wp:term":[{"taxonomy":"category","embeddable":true,"href":"https:\/\/linitiative.ca\/International\/wp-json\/wp\/v2\/categories?post=60821"},{"taxonomy":"post_tag","embeddable":true,"href":"https:\/\/linitiative.ca\/International\/wp-json\/wp\/v2\/tags?post=60821"}],"curies":[{"name":"wp","href":"https:\/\/api.w.org\/{rel}","templated":true}]}}