{"id":60822,"date":"2019-09-11T06:04:15","date_gmt":"2019-09-11T10:04:15","guid":{"rendered":"https:\/\/linitiative.ca\/International\/94258-ligue-1-usm-bel-abbes-le-club-a-nouveau-saisi-par-la-cnlr\/"},"modified":"2019-09-11T06:04:15","modified_gmt":"2019-09-11T10:04:15","slug":"94258-ligue-1-usm-bel-abbes-le-club-a-nouveau-saisi-par-la-cnlr","status":"publish","type":"post","link":"https:\/\/linitiative.ca\/International\/94258-ligue-1-usm-bel-abbes-le-club-a-nouveau-saisi-par-la-cnlr\/","title":{"rendered":"Ligue 1\/USM Bel Abb\u00e8s : le club \u00e0 nouveau saisi par la CNLR"},"content":{"rendered":"<div>\n<div class=\"K2FeedImage\"><img decoding=\"async\" src=\"http:\/\/www.aps.dz\/media\/k2\/items\/cache\/7d27f437c0a712349a1928e57c76c9c8_S.jpg\" alt=\"Ligue 1\/USM Bel Abb\u00e8s : le club \u00e0 nouveau saisi par la CNLR\"><\/div>\n<div class=\"K2FeedIntroText\">\n<p><strong>ORAN, 11 sept 2019 (APS) \u2013 La direction de l\u2019USM Bel-Abb\u00e8s a \u00e9t\u00e9 \u00e0 nouveau saisie par la Chambre nationale de r\u00e9solution des litiges (CNLR) pour la r\u00e9gularisation de la situation financi\u00e8re de deux de ses anciens joueurs qui ont eu gain de cause apr\u00e8s avoir recouru \u00e0 cette instance, a-t-on appris mercredi de ce club de Ligue 1 de football.<\/strong><\/p>\n<\/div>\n<div class=\"K2FeedFullText\">\n<p>Cette nouvelle affaire intervient apr\u00e8s \u00e0 peine deux semaines de la cl\u00f4ture du dossier d\u2019autres anciens joueurs de cette \u00e9quipe ayant recouru eux aussi \u00e0 la CNLR. Cette derni\u00e8re a ordonn\u00e9 la non qualification d\u2019une douzaine de nouvelles recrues des Vert et Rouge jusqu\u2019\u00e0 l\u2019assainissement par ce club de sa situation financi\u00e8re envers les plaignants.<\/p>\n<p>Raison pour laquelle d\u2019ailleurs, l\u2019USMBA a \u00e9volu\u00e9 lors des deux premi\u00e8res journ\u00e9es du championnat sans ses nouvelles recrues.<\/p>\n<p>La direction de cette formation a du s\u2019acquitter de pr\u00e8s de 70 millions DA pour obtenir les licences de ses nouveaux joueurs qui ont pris part \u00e0 la pr\u00e9c\u00e9dente rencontre de l\u2019\u00e9quipe, battue par le NC Magra \u00e0 S\u00e9tif, pour ce qui est sa troisi\u00e8me d\u00e9faite pour autant de matchs en championnat.<\/p>\n<p>Et pour ne pas conna\u00eetre le m\u00eame sort que celui du mercato estival lors de la prochaine p\u00e9riode des transferts en d\u00e9cembre \u00e0 venir, les responsables de la formation de la \u2018\u2019Mekerra\u2019\u2019 sont dans l\u2019obligation de r\u00e9gler les dettes des deux joueurs plaignants, au moment o\u00f9 leur club se d\u00e9bat toujours dans une grave crise financi\u00e8re.<\/p>\n<hr>\n<p><a href=\"http:\/\/www.aps.dz\/sport\/94222-ligue-1-le-mco-en-appel-le-csc-l-ess-et-l-usmba-en-quete-d-un-premier-succes\">Lire aussi :\u00a0Ligue 1: Le MCO en appel, le CSC, l&rsquo;ESS et l&rsquo;USMBA en qu\u00eate d&rsquo;un premier succ\u00e8s<\/a><\/p>\n<hr>\n<p>Mais au grand bonheur de la direction d\u2019\u2019\u2019El-Khedra\u2019\u2019, cette derni\u00e8re vient de b\u00e9n\u00e9ficier d&rsquo;une appr\u00e9ciable subvention de l&rsquo;APC de Sidi Bel-Abb\u00e8s, de l&rsquo;ordre de 30 millions DA, ce qui constitue une bouff\u00e9e d&rsquo;oxyg\u00e8ne, indique-t-on de m\u00eame source.<\/p>\n<p>Sur le plan sportif, les prot\u00e9g\u00e9s du nouvel entraineur, Abdelkader Ya\u00efche, se pr\u00e9parent \u00e0 accueillir jeudi le NA Hussein Dey dans le cadre de la quatri\u00e8me journ\u00e9e de la Ligue, un adversaire qui lui aussi en difficult\u00e9 sur le double plan financier et sportif.<\/p>\n<p>Et pour sa premi\u00e8re sortie avec l\u2019USMBA, le successeur de Younes Ifticene, risque de ne pas \u00eatre autoris\u00e9 \u00e0 diriger ses cap\u00e9s du banc de touche, du fait qu\u2019il ne dispose pas encore de sa licence, soit le m\u00eame probl\u00e8me qu\u2019avait affront\u00e9 son pr\u00e9d\u00e9cesseur l\u2019ayant, entre autres raisons, pouss\u00e9 \u00e0 jeter pr\u00e9matur\u00e9ment l\u2019\u00e9ponge, rappelle-t-on.<\/p>\n<\/div>\n<p><img loading=\"lazy\" decoding=\"async\" src=\"http:\/\/feeds.feedburner.com\/~r\/aps-sport\/~4\/fkB3YYcnkns\" height=\"1\" width=\"1\" alt=\"\"><\/div>\n<p>Auteur:<br \/>\n<a href=\"http:\/\/www.aps.dz\/sport\/94258-ligue-1-usm-bel-abbes-le-club-a-nouveau-saisi-par-la-cnlr?utm_source=feedburner&#038;utm_medium=feed&#038;utm_campaign=Feed%3A+aps-sport+%28APS+-+SPORT%29\">Cliquez ici pour lire l&rsquo;article depuis sa source.<\/a><\/p>\n","protected":false},"excerpt":{"rendered":"<p>ORAN, 11 sept 2019 (APS) \u2013 La direction de l\u2019USM Bel-Abb\u00e8s a \u00e9t\u00e9 \u00e0 nouveau saisie par la Chambre nationale de r\u00e9solution des litiges (CNLR) pour la r\u00e9gularisation de la situation financi\u00e8re de deux de ses anciens joueurs qui ont eu gain de cause apr\u00e8s avoir recouru \u00e0 cette instance, a-t-on appris mercredi de ce [&hellip;]<\/p>\n","protected":false},"author":1790,"featured_media":60823,"comment_status":"closed","ping_status":"closed","sticky":false,"template":"","format":"standard","meta":{"fifu_image_url":"","fifu_image_alt":"","footnotes":""},"categories":[53,75],"tags":[],"class_list":["post-60822","post","type-post","status-publish","format-standard","has-post-thumbnail","hentry","category-algerie","category-sport"],"_links":{"self":[{"href":"https:\/\/linitiative.ca\/International\/wp-json\/wp\/v2\/posts\/60822","targetHints":{"allow":["GET"]}}],"collection":[{"href":"https:\/\/linitiative.ca\/International\/wp-json\/wp\/v2\/posts"}],"about":[{"href":"https:\/\/linitiative.ca\/International\/wp-json\/wp\/v2\/types\/post"}],"author":[{"embeddable":true,"href":"https:\/\/linitiative.ca\/International\/wp-json\/wp\/v2\/users\/1790"}],"replies":[{"embeddable":true,"href":"https:\/\/linitiative.ca\/International\/wp-json\/wp\/v2\/comments?post=60822"}],"version-history":[{"count":0,"href":"https:\/\/linitiative.ca\/International\/wp-json\/wp\/v2\/posts\/60822\/revisions"}],"wp:featuredmedia":[{"embeddable":true,"href":"https:\/\/linitiative.ca\/International\/wp-json\/"}],"wp:attachment":[{"href":"https:\/\/linitiative.ca\/International\/wp-json\/wp\/v2\/media?parent=60822"}],"wp:term":[{"taxonomy":"category","embeddable":true,"href":"https:\/\/linitiative.ca\/International\/wp-json\/wp\/v2\/categories?post=60822"},{"taxonomy":"post_tag","embeddable":true,"href":"https:\/\/linitiative.ca\/International\/wp-json\/wp\/v2\/tags?post=60822"}],"curies":[{"name":"wp","href":"https:\/\/api.w.org\/{rel}","templated":true}]}}