{"id":60824,"date":"2019-09-11T10:28:11","date_gmt":"2019-09-11T14:28:11","guid":{"rendered":"https:\/\/linitiative.ca\/International\/94274-reunion-du-comite-conjoint-de-la-fifa-et-la-caf-plusieurs-sujets-abordes-au-caire\/"},"modified":"2019-09-11T10:28:11","modified_gmt":"2019-09-11T14:28:11","slug":"94274-reunion-du-comite-conjoint-de-la-fifa-et-la-caf-plusieurs-sujets-abordes-au-caire","status":"publish","type":"post","link":"https:\/\/linitiative.ca\/International\/94274-reunion-du-comite-conjoint-de-la-fifa-et-la-caf-plusieurs-sujets-abordes-au-caire\/","title":{"rendered":"R\u00e9union du comit\u00e9 conjoint de la FIFA et la CAF: plusieurs sujets abord\u00e9s au Caire\u00a0"},"content":{"rendered":"<div>\n<div class=\"K2FeedImage\"><img decoding=\"async\" src=\"http:\/\/www.aps.dz\/media\/k2\/items\/cache\/a5bd50dbea22839aef7b431eb7ef922a_S.jpg\" alt=\"R\u00e9union du comit\u00e9 conjoint de la FIFA et la CAF: plusieurs sujets abord\u00e9s au Caire\u00a0\"><\/div>\n<div class=\"K2FeedIntroText\">\n<p><strong>LE CAIRE- Plusieurs sujets entre autres la transparence de toutes les op\u00e9rations de la CAF ont \u00e9t\u00e9 abord\u00e9s lors de la premi\u00e8re r\u00e9union du comit\u00e9 conjoint de la FIFA et la CAF r\u00e9forme taskforce au Caire, tenue mardi\u00a0 au si\u00e8ge de l&rsquo;instance africaine.<\/strong><\/p>\n<\/div>\n<div class=\"K2FeedFullText\">\n<p>Les principaux sujets de discussion ont port\u00e9 sur l&rsquo;audit, la transparence de toutes les op\u00e9rations de la CAF, la n\u00e9cessit\u00e9 de respecter des normes de conformit\u00e9 plus strictes, l&rsquo;organisation efficace et professionnelle des comp\u00e9titions, la croissance et le d\u00e9veloppement du football africain, ainsi que la promotion et le soutien aux 54 associations membres de la CAF, pr\u00e9cise la m\u00eame source.<\/p>\n<p>La r\u00e9union a \u00e9galement port\u00e9 sur la s\u00e9curit\u00e9 et la s\u00fbret\u00e9 du football, la gouvernance du football africain et la g\u00e9n\u00e9ration de revenus pour les comp\u00e9titions et les \u00e9v\u00e9nements du continent.<\/p>\n<p>Entre-temps, la direction de la CAF et de la FIFA poursuivront leurs activit\u00e9s et rencontrant ce mercredi les pr\u00e9sidents des clubs africains les mieux class\u00e9s pour \u00e9changer sur l\u2019am\u00e9lioration des comp\u00e9titions interclubs continentales.<\/p>\n<p>S&rsquo;exprimant lors de la r\u00e9union, le pr\u00e9sident de la CAF, a remerci\u00e9 les membres du groupe de travail d&rsquo;avoir accept\u00e9 d&rsquo;aider la CAF \u00e0 acc\u00e9l\u00e9rer son programme de r\u00e9formes, en d\u00e9pit de leurs multiples obligations.<\/p>\n<blockquote>\n<p><em><strong>\u00a0\u00bb Nous avons rencontr\u00e9 des obstacles qui nous ont oblig\u00e9e \u00e0 demander l\u2019assistance de la FIFA, c&rsquo;est pourquoi nous avons \u00e9galement besoin de votre expertise. Ensemble, nous irons de l&rsquo;avant\u00a0\u00bb a d\u00e9clar\u00e9 le pr\u00e9sident Ahmad.<\/strong><\/em><\/p>\n<\/blockquote>\n<p>Le pr\u00e9sident de la FIFA, Gianni Infantino, a d\u00e9clar\u00e9 qu&rsquo;il soutenait pleinement les travaux du groupe: \u00a0\u00bb Si cette coop\u00e9ration CAF\/FIFA r\u00e9ussissait, le football africain susciterait encore plus de convoitise.<\/p>\n<p>Vous, membres du groupe de travail, constituez la base sur laquelle sera construit l\u2019avenir du football africain. Nous comptons sur votre soutien, votre passion et votre innovation. \u00ab\u00a0<\/p>\n<p>Les membres du groupe de travail sont: Abdoulaye Diop (Mali), Hossam El Shafei (Egypte), Janet Katisya (Kenya), Martin Ngoga (Rwanda) et Anin Yeboah (Ghana).<\/p>\n<p><strong>\u00a0<\/strong><\/p>\n<\/div>\n<p><img loading=\"lazy\" decoding=\"async\" src=\"http:\/\/feeds.feedburner.com\/~r\/aps-sport\/~4\/DiAkrKsZYvc\" height=\"1\" width=\"1\" alt=\"\"><\/div>\n<p>Auteur:<br \/>\n<a href=\"http:\/\/www.aps.dz\/sport\/94274-reunion-du-comite-conjoint-de-la-fifa-et-la-caf-plusieurs-sujets-abordes-au-caire?utm_source=feedburner&#038;utm_medium=feed&#038;utm_campaign=Feed%3A+aps-sport+%28APS+-+SPORT%29\">Cliquez ici pour lire l&rsquo;article depuis sa source.<\/a><\/p>\n","protected":false},"excerpt":{"rendered":"<p>LE CAIRE- Plusieurs sujets entre autres la transparence de toutes les op\u00e9rations de la CAF ont \u00e9t\u00e9 abord\u00e9s lors de la premi\u00e8re r\u00e9union du comit\u00e9 conjoint de la FIFA et la CAF r\u00e9forme taskforce au Caire, tenue mardi\u00a0 au si\u00e8ge de l&rsquo;instance africaine. Les principaux sujets de discussion ont port\u00e9 sur l&rsquo;audit, la transparence de [&hellip;]<\/p>\n","protected":false},"author":1790,"featured_media":60825,"comment_status":"closed","ping_status":"closed","sticky":false,"template":"","format":"standard","meta":{"fifu_image_url":"","fifu_image_alt":"","footnotes":""},"categories":[53,75],"tags":[],"class_list":["post-60824","post","type-post","status-publish","format-standard","has-post-thumbnail","hentry","category-algerie","category-sport"],"_links":{"self":[{"href":"https:\/\/linitiative.ca\/International\/wp-json\/wp\/v2\/posts\/60824","targetHints":{"allow":["GET"]}}],"collection":[{"href":"https:\/\/linitiative.ca\/International\/wp-json\/wp\/v2\/posts"}],"about":[{"href":"https:\/\/linitiative.ca\/International\/wp-json\/wp\/v2\/types\/post"}],"author":[{"embeddable":true,"href":"https:\/\/linitiative.ca\/International\/wp-json\/wp\/v2\/users\/1790"}],"replies":[{"embeddable":true,"href":"https:\/\/linitiative.ca\/International\/wp-json\/wp\/v2\/comments?post=60824"}],"version-history":[{"count":0,"href":"https:\/\/linitiative.ca\/International\/wp-json\/wp\/v2\/posts\/60824\/revisions"}],"wp:featuredmedia":[{"embeddable":true,"href":"https:\/\/linitiative.ca\/International\/wp-json\/"}],"wp:attachment":[{"href":"https:\/\/linitiative.ca\/International\/wp-json\/wp\/v2\/media?parent=60824"}],"wp:term":[{"taxonomy":"category","embeddable":true,"href":"https:\/\/linitiative.ca\/International\/wp-json\/wp\/v2\/categories?post=60824"},{"taxonomy":"post_tag","embeddable":true,"href":"https:\/\/linitiative.ca\/International\/wp-json\/wp\/v2\/tags?post=60824"}],"curies":[{"name":"wp","href":"https:\/\/api.w.org\/{rel}","templated":true}]}}