{"id":60829,"date":"2019-09-11T13:56:00","date_gmt":"2019-09-11T17:56:00","guid":{"rendered":"https:\/\/linitiative.ca\/International\/le-retour-de-tebboune-sannonce-discretement\/"},"modified":"2019-09-11T13:56:00","modified_gmt":"2019-09-11T17:56:00","slug":"le-retour-de-tebboune-sannonce-discretement","status":"publish","type":"post","link":"https:\/\/linitiative.ca\/International\/le-retour-de-tebboune-sannonce-discretement\/","title":{"rendered":"Le retour de Tebboune s\u2019annonce \u2018\u2019discr\u00e8tement\u2019\u2019"},"content":{"rendered":"<p><br id=\"sep_para_1\" class=\"sep_para access\"\/><\/p>\n<div id=\"para_1\" class=\"para_32944472 resize\">\n<div class=\"texte access firstletter\">Frapp\u00e9 de bannissement depuis son limogeage, le 15 ao\u00fbt 2017, de son poste de Premier ministre, M. Abdelmadjid Tebboune refait \u2018\u2019discr\u00e8tement\u2019\u2019 surface depuis le d\u00e9part de Bouteflika. Dans les milieux politiques alg\u00e9rois, certains parlent m\u00eame d\u2019une future mission majeure pour l\u2019ancien Premier ministre, dont la guerre d\u00e9clar\u00e9e \u00e0 l\u2019ex-patron du FCE durant l\u2019\u00e9t\u00e9 2017 reste une carte que le pouvoir semble vouloir exploiter pour le repositionner et le reconduire de nouveau aux commandes de l\u2019Etat. Toujours dans ce sillage, l\u2019ancien premier ministre Abdelmadjid Tebboune a b\u00e9n\u00e9fici\u00e9 d\u2019une nouvelle villa au niveau de la R\u00e9sidence d\u2019Etat \u00e0 Club-des-Pins. Cette nouvelle villa offre plus de commodit\u00e9s et plus d\u2019espace que celle occup\u00e9e, jusque-l\u00e0, par l\u2019ex-premier ministre\u00a0 au mandat le plus court. Rappelons que\u00a0 M.Abdelmajid Tebboune s\u2019est attaqu\u00e9 aux liens entre politique et milieux d&rsquo;affaires et lui a fallu juste trois mois \u00e0 peine apr\u00e8s sa nomination, pour se faire limoger sur\u00a0 fond de sourdes luttes de clans \u00e0 la t\u00eate de l&rsquo;\u00c9tat.<\/div>\n<\/div>\n<p>Auteur: R\u00e9flexion<br \/>\n<a href=\"https:\/\/www.reflexiondz.net\/Le-retour-de-Tebboune-s-annonce-discretement_a57576.html\">Cliquez ici pour lire l&rsquo;article depuis sa source.<\/a><\/p>\n","protected":false},"excerpt":{"rendered":"<p>Frapp\u00e9 de bannissement depuis son limogeage, le 15 ao\u00fbt 2017, de son poste de Premier ministre, M. Abdelmadjid Tebboune refait \u2018\u2019discr\u00e8tement\u2019\u2019 surface depuis le d\u00e9part de Bouteflika. Dans les milieux politiques alg\u00e9rois, certains parlent m\u00eame d\u2019une future mission majeure pour l\u2019ancien Premier ministre, dont la guerre d\u00e9clar\u00e9e \u00e0 l\u2019ex-patron du FCE durant l\u2019\u00e9t\u00e9 2017 reste [&hellip;]<\/p>\n","protected":false},"author":1740,"featured_media":0,"comment_status":"closed","ping_status":"closed","sticky":false,"template":"","format":"standard","meta":{"fifu_image_url":"","fifu_image_alt":"","footnotes":""},"categories":[53,76],"tags":[],"class_list":["post-60829","post","type-post","status-publish","format-standard","hentry","category-algerie","category-regions"],"_links":{"self":[{"href":"https:\/\/linitiative.ca\/International\/wp-json\/wp\/v2\/posts\/60829","targetHints":{"allow":["GET"]}}],"collection":[{"href":"https:\/\/linitiative.ca\/International\/wp-json\/wp\/v2\/posts"}],"about":[{"href":"https:\/\/linitiative.ca\/International\/wp-json\/wp\/v2\/types\/post"}],"author":[{"embeddable":true,"href":"https:\/\/linitiative.ca\/International\/wp-json\/wp\/v2\/users\/1740"}],"replies":[{"embeddable":true,"href":"https:\/\/linitiative.ca\/International\/wp-json\/wp\/v2\/comments?post=60829"}],"version-history":[{"count":0,"href":"https:\/\/linitiative.ca\/International\/wp-json\/wp\/v2\/posts\/60829\/revisions"}],"wp:attachment":[{"href":"https:\/\/linitiative.ca\/International\/wp-json\/wp\/v2\/media?parent=60829"}],"wp:term":[{"taxonomy":"category","embeddable":true,"href":"https:\/\/linitiative.ca\/International\/wp-json\/wp\/v2\/categories?post=60829"},{"taxonomy":"post_tag","embeddable":true,"href":"https:\/\/linitiative.ca\/International\/wp-json\/wp\/v2\/tags?post=60829"}],"curies":[{"name":"wp","href":"https:\/\/api.w.org\/{rel}","templated":true}]}}