{"id":60830,"date":"2019-09-11T13:56:00","date_gmt":"2019-09-11T17:56:00","guid":{"rendered":"https:\/\/linitiative.ca\/International\/apres-la-turquie-et-la-finlande-la-republique-tcheque-6eme-pays-a-limiter-les-visas\/"},"modified":"2019-09-11T13:56:00","modified_gmt":"2019-09-11T17:56:00","slug":"apres-la-turquie-et-la-finlande-la-republique-tcheque-6eme-pays-a-limiter-les-visas","status":"publish","type":"post","link":"https:\/\/linitiative.ca\/International\/apres-la-turquie-et-la-finlande-la-republique-tcheque-6eme-pays-a-limiter-les-visas\/","title":{"rendered":"APRES LA TURQUIE ET LA FINLANDE : La R\u00e9publique Tch\u00e8que, 6\u00e8me pays \u00e0 limiter les visas"},"content":{"rendered":"<p><br id=\"sep_para_1\" class=\"sep_para access\"\/><\/p>\n<div id=\"para_1\" class=\"para_32944462 resize\">\n<div class=\"texte access firstletter\">La R\u00e9publique Tch\u00e8que a d\u00e9cid\u00e9 de limiter l\u2019octroi des visas de long s\u00e9jour pour les Alg\u00e9riens et ce, depuis le 1er septembre 2019. \u00ab Le gouvernement de la R\u00e9publique tch\u00e8que, par son r\u00e8glement n\u00b0 220\/2019 Coll. du 26 ao\u00fbt 2019, a d\u00e9cid\u00e9, \u00e0 partir du 1er septembre 2019, d\u2019instaurer des quotas pour l\u2019acceptation des demandes de cartes d\u2019employ\u00e9 et de visas d\u2019affaires de longue dur\u00e9e \u00bb, a annonc\u00e9 l\u2019ambassade de la R\u00e9publique Tch\u00e8que \u00e0 Alger dans un communiqu\u00e9. Cette mesure \u00ab a \u00e9t\u00e9 adopt\u00e9e dans le cadre de la n\u00e9cessit\u00e9 de garantir la main-d\u2019\u0153uvre qualifi\u00e9e sur le march\u00e9 du travail tch\u00e8que \u00bb, a ajout\u00e9 la m\u00eame source. Un quota annuel de 60 demandes de carte d\u2019employ\u00e9 et de 12 demandes de visa d\u2019affaires de longue dur\u00e9e a \u00e9t\u00e9 attribu\u00e9 \u00e0 l\u2019ambassade de la R\u00e9publique Tch\u00e8que \u00e0 Alger, pr\u00e9cise le communiqu\u00e9. \u00ab Les deux quotas constituent la limite maximale. L\u2019Ambassade ne peut accepter plus de demandes que celles requises par le r\u00e8glement gouvernemental. Les deux quotas sont r\u00e9partis de mani\u00e8re \u00e9gale sur 12 mois \u00bb, explique l\u2019ambassade. \u00ab La proc\u00e9dure de prise de rendez-vous pour les demandes reste inchang\u00e9e \u00bb, poursuit la m\u00eame source, qui rappelle que les personnes qui souhaitent prendre rendez-vous doivent contacter l\u2019ambassade par t\u00e9l\u00e9phone.\u00a0\u00a0\u00a0\u00a0<\/div>\n<\/div>\n<p>Auteur: Nadine<br \/>\n<a href=\"https:\/\/www.reflexiondz.net\/APRES-LA-TURQUIE-ET-LA-FINLANDE-La-Republique-Tcheque-6eme-pays-a-limiter-les-visas_a57574.html\">Cliquez ici pour lire l&rsquo;article depuis sa source.<\/a><\/p>\n","protected":false},"excerpt":{"rendered":"<p>La R\u00e9publique Tch\u00e8que a d\u00e9cid\u00e9 de limiter l\u2019octroi des visas de long s\u00e9jour pour les Alg\u00e9riens et ce, depuis le 1er septembre 2019. \u00ab Le gouvernement de la R\u00e9publique tch\u00e8que, par son r\u00e8glement n\u00b0 220\/2019 Coll. du 26 ao\u00fbt 2019, a d\u00e9cid\u00e9, \u00e0 partir du 1er septembre 2019, d\u2019instaurer des quotas pour l\u2019acceptation des demandes [&hellip;]<\/p>\n","protected":false},"author":1740,"featured_media":0,"comment_status":"closed","ping_status":"closed","sticky":false,"template":"","format":"standard","meta":{"fifu_image_url":"","fifu_image_alt":"","footnotes":""},"categories":[53,76],"tags":[],"class_list":["post-60830","post","type-post","status-publish","format-standard","hentry","category-algerie","category-regions"],"_links":{"self":[{"href":"https:\/\/linitiative.ca\/International\/wp-json\/wp\/v2\/posts\/60830","targetHints":{"allow":["GET"]}}],"collection":[{"href":"https:\/\/linitiative.ca\/International\/wp-json\/wp\/v2\/posts"}],"about":[{"href":"https:\/\/linitiative.ca\/International\/wp-json\/wp\/v2\/types\/post"}],"author":[{"embeddable":true,"href":"https:\/\/linitiative.ca\/International\/wp-json\/wp\/v2\/users\/1740"}],"replies":[{"embeddable":true,"href":"https:\/\/linitiative.ca\/International\/wp-json\/wp\/v2\/comments?post=60830"}],"version-history":[{"count":0,"href":"https:\/\/linitiative.ca\/International\/wp-json\/wp\/v2\/posts\/60830\/revisions"}],"wp:attachment":[{"href":"https:\/\/linitiative.ca\/International\/wp-json\/wp\/v2\/media?parent=60830"}],"wp:term":[{"taxonomy":"category","embeddable":true,"href":"https:\/\/linitiative.ca\/International\/wp-json\/wp\/v2\/categories?post=60830"},{"taxonomy":"post_tag","embeddable":true,"href":"https:\/\/linitiative.ca\/International\/wp-json\/wp\/v2\/tags?post=60830"}],"curies":[{"name":"wp","href":"https:\/\/api.w.org\/{rel}","templated":true}]}}