{"id":60831,"date":"2019-09-11T13:56:00","date_gmt":"2019-09-11T17:56:00","guid":{"rendered":"https:\/\/linitiative.ca\/International\/entreprises-privees-en-crise-le-fce-plaide-pour-une-refonte-de-leconomie\/"},"modified":"2019-09-11T13:56:00","modified_gmt":"2019-09-11T17:56:00","slug":"entreprises-privees-en-crise-le-fce-plaide-pour-une-refonte-de-leconomie","status":"publish","type":"post","link":"https:\/\/linitiative.ca\/International\/entreprises-privees-en-crise-le-fce-plaide-pour-une-refonte-de-leconomie\/","title":{"rendered":"ENTREPRISES PRIVEES EN CRISE : Le FCE plaide pour une refonte de l\u2019\u00e9conomie"},"content":{"rendered":"<p><br id=\"sep_para_1\" class=\"sep_para access\"\/><\/p>\n<div id=\"para_1\" class=\"para_32944457 resize\">\n<div class=\"texte access firstletter\">Il ne le dit pas ouvertement mais le nouveau pr\u00e9sident du Forum des chefs d\u2019entreprises, M. Sami Agli, l\u2019a susurr\u00e9 sous forme d\u2019interrogation, mercredi, lors de son passage sur les ondes de la radio nationale. \u00abPourquoi le tr\u00e9sor intervient pour \u00e9ponger les d\u00e9ficits des entreprises publiques et ne le fait pas pour le priv\u00e9 ?\u00bb a-t-il ainsi d\u00e9plor\u00e9, plaidant pour un plan de sauvetage en leur faveur ; pointant notamment le secteur du BTPH \u2018\u2019qui souffre d\u2019une crise sans pr\u00e9c\u00e9dent\u00bb, a-t-il fait observer. Dans un contexte plus large, M.Agli corrobore le constat crucial d\u2019une machine \u00e9conomique tourne au ralenti, soulignant, dans cette veine, \u2018\u2019une ann\u00e9e blanche pour le patronat\u2019\u2019.\u00a0 A cet effet, le nouveau patron du FCE, s\u2019est d\u00e9clar\u00e9 en faveur d\u2019une nouvelle refonte du syst\u00e8me \u00e9conomique du pays, en accordant \u00e0 l\u2019entreprise son autonomie et lib\u00e9rer l\u2019acte d\u2019investir de toute contrainte bureaucratique et politique. Dans la foul\u00e9e, M. Sami Agli a estim\u00e9 n\u00e9cessaire \u2018\u2019la suppression de la r\u00e8gle 51\/49, la r\u00e9vision du r\u00e9gime de subvention et l\u2019\u00e9largissement des consultations avec les entreprises avant l\u2019\u00e9laboration des politiques \u00e9conomiques\u2019\u2019, a-t-il conclu.\u00a0\u00a0\u00a0\u00a0\u00a0\u00a0\u00a0\u00a0\u00a0\u00a0\u00a0\u00a0\u00a0\u00a0\u00a0\u00a0\u00a0\u00a0\u00a0\u00a0\u00a0\u00a0\u00a0<\/div>\n<\/div>\n<p>Auteur: Smain<br \/>\n<a href=\"https:\/\/www.reflexiondz.net\/ENTREPRISES-PRIVEES-EN-CRISE-Le-FCE-plaide-pour-une-refonte-de-l-economie_a57573.html\">Cliquez ici pour lire l&rsquo;article depuis sa source.<\/a><\/p>\n","protected":false},"excerpt":{"rendered":"<p>Il ne le dit pas ouvertement mais le nouveau pr\u00e9sident du Forum des chefs d\u2019entreprises, M. Sami Agli, l\u2019a susurr\u00e9 sous forme d\u2019interrogation, mercredi, lors de son passage sur les ondes de la radio nationale. \u00abPourquoi le tr\u00e9sor intervient pour \u00e9ponger les d\u00e9ficits des entreprises publiques et ne le fait pas pour le priv\u00e9 ?\u00bb [&hellip;]<\/p>\n","protected":false},"author":1740,"featured_media":0,"comment_status":"closed","ping_status":"closed","sticky":false,"template":"","format":"standard","meta":{"fifu_image_url":"","fifu_image_alt":"","footnotes":""},"categories":[53,76],"tags":[],"class_list":["post-60831","post","type-post","status-publish","format-standard","hentry","category-algerie","category-regions"],"_links":{"self":[{"href":"https:\/\/linitiative.ca\/International\/wp-json\/wp\/v2\/posts\/60831","targetHints":{"allow":["GET"]}}],"collection":[{"href":"https:\/\/linitiative.ca\/International\/wp-json\/wp\/v2\/posts"}],"about":[{"href":"https:\/\/linitiative.ca\/International\/wp-json\/wp\/v2\/types\/post"}],"author":[{"embeddable":true,"href":"https:\/\/linitiative.ca\/International\/wp-json\/wp\/v2\/users\/1740"}],"replies":[{"embeddable":true,"href":"https:\/\/linitiative.ca\/International\/wp-json\/wp\/v2\/comments?post=60831"}],"version-history":[{"count":0,"href":"https:\/\/linitiative.ca\/International\/wp-json\/wp\/v2\/posts\/60831\/revisions"}],"wp:attachment":[{"href":"https:\/\/linitiative.ca\/International\/wp-json\/wp\/v2\/media?parent=60831"}],"wp:term":[{"taxonomy":"category","embeddable":true,"href":"https:\/\/linitiative.ca\/International\/wp-json\/wp\/v2\/categories?post=60831"},{"taxonomy":"post_tag","embeddable":true,"href":"https:\/\/linitiative.ca\/International\/wp-json\/wp\/v2\/tags?post=60831"}],"curies":[{"name":"wp","href":"https:\/\/api.w.org\/{rel}","templated":true}]}}