{"id":60832,"date":"2019-09-11T13:57:00","date_gmt":"2019-09-11T17:57:00","guid":{"rendered":"https:\/\/linitiative.ca\/International\/amar-saidani-serait-dans-le-viseur-de-la-justice\/"},"modified":"2019-09-11T13:57:00","modified_gmt":"2019-09-11T17:57:00","slug":"amar-saidani-serait-dans-le-viseur-de-la-justice","status":"publish","type":"post","link":"https:\/\/linitiative.ca\/International\/amar-saidani-serait-dans-le-viseur-de-la-justice\/","title":{"rendered":"Amar Saidani serait dans le viseur de la justice"},"content":{"rendered":"<p><br id=\"sep_para_1\" class=\"sep_para access\"\/><\/p>\n<div id=\"para_1\" class=\"para_32944475 resize\">\n<div class=\"photo shadow left\"><a href=\"javascript:void(0)\" rel=\"https:\/\/www.reflexiondz.net\/photo\/art\/grande\/37215607-32944475.jpg?v=1568229225&#038;ibox\" title=\"Amar Saidani serait dans le viseur de la justice\"><img decoding=\"async\" class=\"responsive c9\" src=\"https:\/\/www.reflexiondz.net\/photo\/art\/grande\/37215607-32944475.jpg?v=1568229225\" alt=\"Amar Saidani serait dans le viseur de la justice\" title=\"Amar Saidani serait dans le viseur de la justice\"\/><img decoding=\"async\" class=\"not-responsive\" src=\"https:\/\/www.reflexiondz.net\/photo\/art\/default\/37215607-32944475.jpg?v=1568229227\" alt=\"Amar Saidani serait dans le viseur de la justice\" title=\"Amar Saidani serait dans le viseur de la justice\"\/><\/a><\/div>\n<div class=\"texte access firstletter\">Apr\u00e8s Djema\u00ef et Tliba, ce serait au tour du grand parrain, Amar Sa\u00e2dani en l\u2019occurrence, d\u2019\u00eatre dans le viseur de la justice. Des sources cr\u00e9dibles affirment, en effet, que l\u2019ancien pr\u00e9sident de l\u2019APN et ex-patron du FLN serait incessamment appeler\u00a0 \u00e0 s\u2019expliquer sur certains dossiers que la justice avait \u2018\u2019ignor\u00e9s\u2019\u2019, du temps d\u2019Abdelaziz Bouteflika.\u00a0 Notons \u00e0 ce sujet, que le sieur Saadani\u00a0 traine trop de casseroles derri\u00e8re lui. En 2008, il est mis en cause dans le scandale des d\u00e9tournements estim\u00e9s \u00e0 plus de 500 millions de dollars (52 milliards de dinars) de la g\u00e9n\u00e9rale des concessions agricoles (GCA) via sa soci\u00e9t\u00e9 \u00e9cran Al \u2018\u2019Karama.\u2019\u2019 Il est convoqu\u00e9 devant la juge d&rsquo;instruction pr\u00e8s le tribunal de Djelfa le 23 juin 2007 et frapp\u00e9 d&rsquo;une interdiction de sortie du territoire (ISTN). En 2014, le site web d&rsquo;investigation fran\u00e7ais \u2018\u2019Mondafrique\u2019\u2019 accuse Amar Saadani d&rsquo;achats d&rsquo;immobiliers suspects \u00e0 Paris. Il a dans un premier temps ni\u00e9 toute implication dans cette affaire et pr\u00e9tendu ne d\u00e9tenir aucun actif en France. Il finira par la suite par\u00a0 admettre\u00a0 juste une acquisition, pour sa fille, en juillet 2015.<\/div>\n<\/div>\n<p>Auteur: R\u00e9flexion<br \/>\n<a href=\"https:\/\/www.reflexiondz.net\/Amar-Saidani-serait-dans-le-viseur-de-la-justice_a57577.html\">Cliquez ici pour lire l&rsquo;article depuis sa source.<\/a><\/p>\n","protected":false},"excerpt":{"rendered":"<p>Apr\u00e8s Djema\u00ef et Tliba, ce serait au tour du grand parrain, Amar Sa\u00e2dani en l\u2019occurrence, d\u2019\u00eatre dans le viseur de la justice. Des sources cr\u00e9dibles affirment, en effet, que l\u2019ancien pr\u00e9sident de l\u2019APN et ex-patron du FLN serait incessamment appeler\u00a0 \u00e0 s\u2019expliquer sur certains dossiers que la justice avait \u2018\u2019ignor\u00e9s\u2019\u2019, du temps d\u2019Abdelaziz Bouteflika.\u00a0 Notons [&hellip;]<\/p>\n","protected":false},"author":1740,"featured_media":0,"comment_status":"closed","ping_status":"closed","sticky":false,"template":"","format":"standard","meta":{"fifu_image_url":"","fifu_image_alt":"","footnotes":""},"categories":[53,76],"tags":[],"class_list":["post-60832","post","type-post","status-publish","format-standard","hentry","category-algerie","category-regions"],"_links":{"self":[{"href":"https:\/\/linitiative.ca\/International\/wp-json\/wp\/v2\/posts\/60832","targetHints":{"allow":["GET"]}}],"collection":[{"href":"https:\/\/linitiative.ca\/International\/wp-json\/wp\/v2\/posts"}],"about":[{"href":"https:\/\/linitiative.ca\/International\/wp-json\/wp\/v2\/types\/post"}],"author":[{"embeddable":true,"href":"https:\/\/linitiative.ca\/International\/wp-json\/wp\/v2\/users\/1740"}],"replies":[{"embeddable":true,"href":"https:\/\/linitiative.ca\/International\/wp-json\/wp\/v2\/comments?post=60832"}],"version-history":[{"count":0,"href":"https:\/\/linitiative.ca\/International\/wp-json\/wp\/v2\/posts\/60832\/revisions"}],"wp:attachment":[{"href":"https:\/\/linitiative.ca\/International\/wp-json\/wp\/v2\/media?parent=60832"}],"wp:term":[{"taxonomy":"category","embeddable":true,"href":"https:\/\/linitiative.ca\/International\/wp-json\/wp\/v2\/categories?post=60832"},{"taxonomy":"post_tag","embeddable":true,"href":"https:\/\/linitiative.ca\/International\/wp-json\/wp\/v2\/tags?post=60832"}],"curies":[{"name":"wp","href":"https:\/\/api.w.org\/{rel}","templated":true}]}}