{"id":60840,"date":"2019-09-11T08:12:00","date_gmt":"2019-09-11T12:12:00","guid":{"rendered":"https:\/\/linitiative.ca\/International\/mohamed-salah-ben-ammar-dimanche-votons-pour-la-democratie\/"},"modified":"2019-09-11T08:12:00","modified_gmt":"2019-09-11T12:12:00","slug":"mohamed-salah-ben-ammar-dimanche-votons-pour-la-democratie","status":"publish","type":"post","link":"https:\/\/linitiative.ca\/International\/mohamed-salah-ben-ammar-dimanche-votons-pour-la-democratie\/","title":{"rendered":"Mohamed Salah Ben Ammar: Dimanche votons pour la d\u00e9mocratie"},"content":{"rendered":"<p>A l\u2019instar de beaucoup de mes compatriotes, peut-\u00eatre m\u00eame une bonne majorit\u00e9,\u00a0 je me pose la question de l\u2019utilit\u00e9 d\u2019aller voter ce dimanche et dans le contexte actuel ce dilemme est l\u00e9gitime.<\/p>\n<p>J\u2019ai regard\u00e9 les trois \u00e9missions t\u00e9l\u00e9vis\u00e9es qui \u00e9taient cens\u00e9es mieux nous \u00e9clairer sur le profil des 26 candidats. En r\u00e9alit\u00e9 ils n\u2019\u00e9taient que 24 (9 +8+7) puisque le favori des sondages est en prison et l\u2019ancien secr\u00e9taire g\u00e9n\u00e9ral de Nida est \u00e0 l\u2019\u00e9tranger. Ah le fameux de Nida! Pas moins de 8 candidats sur les 26 en sont issus, ou ont eu un lien organique avec lui. Le parti de Youssef Chahed chef du gouvernement en cong\u00e9 \u00e9lectoral nous en fait voir des vertes et des pas mures. Le candidat nous a lui-m\u00eame rappel\u00e9, \u00e0 Tozeur, il y a quelques mois \u00e0 l\u2019occasion des \u00e9lections municipales que c\u2019\u00e9tait son politique. Autre originalit\u00e9 locale sur les 26 candidats retenus au moins 15 ne repr\u00e9sentent que leur personne. En d\u2019autres termes si par accident l\u2019un d\u2019eux est \u00e9lu, il devra constituer une \u00e9quipe, penser aux alliances, se positionner pour les l\u00e9gislatives\u2026Qui pourra s\u2019allier \u00e0 Ennahdha et Ennahdha pourra s\u2019allier \u00e0 qui? Nous ne le savons pas encore mais depuis 2011 et sauf\u00a0 l\u2019interm\u00e8de de 2014-2015, elle a toujours \u00e9t\u00e9 pr\u00e9sente au gouvernement! Sur les 26 candidats 14 ont occup\u00e9 de hautes fonctions depuis 2011, de pr\u00e9sident de la r\u00e9publique \u00e0 gouverneur et ministre, le plus souvent dans une coalition h\u00e9t\u00e9roclite, Troika ou Nida-Ennhadha actuellement.<\/p>\n<p>Malgr\u00e9 des efforts louables les trois \u00e9missions t\u00e9l\u00e9vis\u00e9es n\u2019\u00e9taient pas \u00e9quitables, la m\u00e9thode adopt\u00e9e a fait le jeu de ceux qui \u00e9taient \u00e0 l\u2019aise \u00e0 l\u2019oral (\u00e9videmment quand on fait de la politique il vaut mieux l\u2019\u00eatre). La meilleure illustration est la candidate Abir Moussi. Elle ne croit ni en la r\u00e9volution ni m\u00eame en la d\u00e9mocratie mais elle a parl\u00e9 avec beaucoup d&rsquo;aisance et de culot a tent\u00e9 de s&rsquo;approprier l&rsquo;h\u00e9ritage de Bourguiba (que la dictature qu&rsquo;elle soutenait a mis en prison du 07 novembre 1987 au 06 avril 2000 et a priv\u00e9e la nation des fun\u00e9railles qu&rsquo;il m\u00e9ritait). La forme de l&rsquo;\u00e9mission a aussi l\u00e9s\u00e9 les candidats de la premi\u00e8re \u00e9mission, le tirage au sort a favoris\u00e9 les candidats de la troisi\u00e8me \u00e9mission. Disons que le premier d\u00e9bat a servi de le\u00e7on aux autres candidats qui ont vite fait de profiter des failles m\u00e9thodologiques existantes. Mais il n\u2019y a pas que du n\u00e9gatif, ces d\u00e9bats nous ont enfin permis de toucher du doigt ce que quelques initi\u00e9s savaient, certains candidats anciens ministres sont entr\u00e9s dans la vie politique pour d\u2019autres raisons que la profondeur de leur r\u00e9flexion politique! Toujours est-il en raison de la forme adopt\u00e9e, 90 secondes pour r\u00e9pondre, le seul candidat qui avait un programme chiffr\u00e9 et lisible n\u2019a pas pu l\u2019exposer. Autre constat personnel, un seul candidat a \u00e9t\u00e9 fid\u00e8le \u00e0 l\u2019esprit des fonctions de pr\u00e9sident de la r\u00e9publique telles que d\u00e9finies la constitution. Les autres au lieu de r\u00e9pondre aux questions pos\u00e9es balan\u00e7aient des slogans, parfois des id\u00e9es de projets, souvent incoh\u00e9rentes et inapplicables. Dans ce contexte il \u00e9tait facile aux candidats de d\u00e9tourner les questions g\u00eanantes et d\u2019aller sur les sentiers battus: assurer s\u00e9curit\u00e9 int\u00e9rieure et qui serait contre? Evidemment nos \u00ab immenses r\u00e9serves de p\u00e9trole \u00bb doivent \u00eatre prot\u00e9g\u00e9es des pr\u00e9dateurs aux yeux bleus! Et la cause Palestinienne et la Syrie\u2026 Enfin Hamma en agitateur sur le retour a eu la palme de la s\u00e9quence la plus mouvement\u00e9e de ces \u00e9missions (c\u2019est dire), en d\u00e9clarant que la corruption \u00e9tait \u00e0 sa gauche, il a th\u00e9oriquement provoqu\u00e9 5 candidats mais \u00e0 priori un seul s\u2019est senti vis\u00e9.<\/p>\n<p>Pour finir, on retiendra de cette animation m\u00e9diatique, que m\u00eame si les explications sont diff\u00e9rentes, les 24 candidats \u00e9taient d\u2019accord sur les \u00e9checs de l\u2019\u00e9quipe gouvernementale actuelle, tous sans exception. Malheureusement nous n\u2019avons pas eu des d\u00e9bats d\u2019id\u00e9es et cela ne pouvait pas en \u00eatre autrement, c\u2019\u00e9tait des joutes oratoires courtoises o\u00f9 les candidats ont souvent refus\u00e9 de r\u00e9pondre aux questions pos\u00e9es pour s\u2019\u00e9gosiller sur des sujets consensuels, mais je pense que nous avons quand m\u00eame r\u00e9ussi \u00e0 \u00e9liminer quelques intrus.<\/p>\n<p>Malgr\u00e9 tout, et bien plus, nous n\u2019avons pas le choix, il nous faut aller voter dimanche 15 septembre. L\u2019abstention n\u2019est pas une option car plus que jamais notre pays a besoin de tous ses enfants qu\u2019ils soient en Tunisie ou \u00e0 l\u2019\u00e9tranger.<\/p>\n<p class=\"c2\"><strong>Dr Mohamed Salah Ben Ammar<\/strong><\/p>\n<p>Auteur:<br \/>\n<a href=\"https:\/\/www.leaders.com.tn\/article\/27932-mohamed-salah-ben-ammar-dimanche-votons-pour-la-democratie\">Cliquez ici pour lire l&rsquo;article depuis sa source.<\/a><\/p>\n","protected":false},"excerpt":{"rendered":"<p>A l\u2019instar de beaucoup de mes compatriotes, peut-\u00eatre m\u00eame une bonne majorit\u00e9,\u00a0 je me pose la question de l\u2019utilit\u00e9 d\u2019aller voter ce dimanche et dans le contexte actuel ce dilemme est l\u00e9gitime. J\u2019ai regard\u00e9 les trois \u00e9missions t\u00e9l\u00e9vis\u00e9es qui \u00e9taient cens\u00e9es mieux nous \u00e9clairer sur le profil des 26 candidats. En r\u00e9alit\u00e9 ils n\u2019\u00e9taient que [&hellip;]<\/p>\n","protected":false},"author":1772,"featured_media":0,"comment_status":"closed","ping_status":"closed","sticky":false,"template":"","format":"standard","meta":{"fifu_image_url":"","fifu_image_alt":"","footnotes":""},"categories":[73,55],"tags":[],"class_list":["post-60840","post","type-post","status-publish","format-standard","hentry","category-actualite","category-tunisie"],"_links":{"self":[{"href":"https:\/\/linitiative.ca\/International\/wp-json\/wp\/v2\/posts\/60840","targetHints":{"allow":["GET"]}}],"collection":[{"href":"https:\/\/linitiative.ca\/International\/wp-json\/wp\/v2\/posts"}],"about":[{"href":"https:\/\/linitiative.ca\/International\/wp-json\/wp\/v2\/types\/post"}],"author":[{"embeddable":true,"href":"https:\/\/linitiative.ca\/International\/wp-json\/wp\/v2\/users\/1772"}],"replies":[{"embeddable":true,"href":"https:\/\/linitiative.ca\/International\/wp-json\/wp\/v2\/comments?post=60840"}],"version-history":[{"count":0,"href":"https:\/\/linitiative.ca\/International\/wp-json\/wp\/v2\/posts\/60840\/revisions"}],"wp:attachment":[{"href":"https:\/\/linitiative.ca\/International\/wp-json\/wp\/v2\/media?parent=60840"}],"wp:term":[{"taxonomy":"category","embeddable":true,"href":"https:\/\/linitiative.ca\/International\/wp-json\/wp\/v2\/categories?post=60840"},{"taxonomy":"post_tag","embeddable":true,"href":"https:\/\/linitiative.ca\/International\/wp-json\/wp\/v2\/tags?post=60840"}],"curies":[{"name":"wp","href":"https:\/\/api.w.org\/{rel}","templated":true}]}}