{"id":60841,"date":"2019-09-11T09:54:00","date_gmt":"2019-09-11T13:54:00","guid":{"rendered":"https:\/\/linitiative.ca\/International\/fete-nationale-americaine-a-tunis-une-ambiance-tres-us-et-des-messages-video-making-of-et-coulisses\/"},"modified":"2019-09-11T09:54:00","modified_gmt":"2019-09-11T13:54:00","slug":"fete-nationale-americaine-a-tunis-une-ambiance-tres-us-et-des-messages-video-making-of-et-coulisses","status":"publish","type":"post","link":"https:\/\/linitiative.ca\/International\/fete-nationale-americaine-a-tunis-une-ambiance-tres-us-et-des-messages-video-making-of-et-coulisses\/","title":{"rendered":"F\u00eate nationale am\u00e9ricaine \u00e0 Tunis : une ambiance tr\u00e8s US&#8230; et des messages (Vid\u00e9o Making Of et coulisses)"},"content":{"rendered":"<p>Repouss\u00e9e au 6 septembre 2019, au lieu du 4 juillet, la c\u00e9l\u00e9bration de la f\u00eate nationale am\u00e9ricaine \u00e0 Tunis a pris sa pleine dimension. Le nouvel ambassadeur des Etats &#8211; Unis, Donald Blome \u00e9tait visiblement ravi d\u2019officier cette c\u00e9r\u00e9monie \u00e0 la fois officielle et conviviale, et de recevoir avec son \u00e9pouse les nombreux invit\u00e9s. Le chef du gouvernement par int\u00e9rim, Kamel Morjane, comme nombre de membres du gouvernement, le gouverneur de la Banque centrale, des repr\u00e9sentants de corps constitu\u00e9s, chefs de partis et figures de la soci\u00e9t\u00e9 civile et des m\u00e9dias \u00e9taient pr\u00e9sents. Ainsi que des ambassadeurs accr\u00e9dit\u00e9s \u00e0 Tunis.<\/p>\n<p class=\"c2\"><iframe loading=\"lazy\" src=\"https:\/\/www.youtube.com\/embed\/v3DWfuqptJI\" allow=\"accelerometer; autoplay; encrypted-media; gyroscope; picture-in-picture\" allowfullscreen=\"\" width=\"560\" height=\"315\" frameborder=\"0\">[embedded content]<\/iframe><\/p>\n<p>D\u2019embl\u00e9e, l\u2019ambassadeur a rappel\u00e9 l\u2019amiti\u00e9 historique entre les Etats-Unis et la Tunisie, deux pays d\u00e9sormais encore plus li\u00e9s par la d\u00e9mocratie naissante en Tunisie, et rendu un vibrant hommage au pr\u00e9sident B\u00e9ji Ca\u00efd Essid qui vient de d\u00e9c\u00e9der. \u00abNous n\u2019oublierons jamais, alors que nous c\u00e9l\u00e9brons le 40\u00e8me jour de sa disparition, sa sagesse, et l\u2019h\u00e9ritage en leadership, qu\u2019il l\u00e8gue en tant que premier pr\u00e9sident d\u00e9mocratiquement \u00e9lu. Tout en d\u00e9plorant son d\u00e9c\u00e8s, les amis de la Tunisie suivent avec haute appr\u00e9ciation les pas acc\u00e9l\u00e9r\u00e9s avec assurance pour la tenue d\u2019\u00e9lections anticip\u00e9es s\u2019inscrivant dans les dispositions constitutionnelles et s\u2019\u00e9clairant de leurs lois.\u00bb<\/p>\n<p>L\u2019\u00e9vocation des relations bilat\u00e9rales et des divers domaines de coop\u00e9ration n\u2019est pas omise. L\u2019ambassadeur Blome l\u2019\u00e9voquera avant de revenir au th\u00e8me de la transition d\u00e9mocratique. \u00abCe que nous enseigne l\u2019histoire am\u00e9ricaine, c\u2019est qu\u2019il s\u2019agit d\u2019une marche continue qui ne s\u2019arr\u00eate pas et dont les hautes valeurs ne cessent pas de s\u2019accomplir. Ce que nous avons constat\u00e9 aussi, c\u2019est que les g\u00e9n\u00e9rations se succ\u00e8dent et militaire pour cultiver la d\u00e9mocratie, la pr\u00e9server et l\u2019affiner pour la transmettre aux g\u00e9n\u00e9rations \u00e0 venir. Nous avons forg\u00e9 aux Etats-Unis des moments de notre fiert\u00e9 lorsque nous nous sommes lev\u00e9s en tant qu\u2019une nation soud\u00e9e pour d\u00e9fendre les id\u00e9aux de la libert\u00e9, de l\u2019\u00e9galit\u00e9 et de la justice qui fondent cette d\u00e9mocratie que nous c\u00e9l\u00e9brons ce soir, en cet anniversaire de notre ind\u00e9pendance. Je suis persuad\u00e9 que les Tunisiens partagent ces m\u00eames id\u00e9aux, c\u2019est pourquoi je suis optimiste quant \u00e0 l\u2019avenir de la Tunisie.\u00bb Les messages sont d\u00e9livr\u00e9s.<\/p>\n<p>Buffet et musique sont attractifs. Des marques am\u00e9ricaines, KFC et Chillis animent chacune de son c\u00f4t\u00e9 un food corner, alors que sur un podium d\u00e9di\u00e9, et dans un spectacle musical soigneusement concoct\u00e9, Houyan Ghattas, Najet les groupes Nightcall et Tunisia 88 se succ\u00e8dent en live.<\/p>\n<p>Ainsi va la f\u00eate nationale am\u00e9ricaine, dans une ambiance tr\u00e8s US.<\/p>\n<p>Auteur:<br \/>\n<a href=\"https:\/\/www.leaders.com.tn\/article\/27933-fete-nationale-americaine-a-tunis-une-ambiance-tres-us-et-des-messages-video-making-of-et-coulisses\">Cliquez ici pour lire l&rsquo;article depuis sa source.<\/a><\/p>\n","protected":false},"excerpt":{"rendered":"<p>Repouss\u00e9e au 6 septembre 2019, au lieu du 4 juillet, la c\u00e9l\u00e9bration de la f\u00eate nationale am\u00e9ricaine \u00e0 Tunis a pris sa pleine dimension. Le nouvel ambassadeur des Etats &#8211; Unis, Donald Blome \u00e9tait visiblement ravi d\u2019officier cette c\u00e9r\u00e9monie \u00e0 la fois officielle et conviviale, et de recevoir avec son \u00e9pouse les nombreux invit\u00e9s. Le [&hellip;]<\/p>\n","protected":false},"author":1772,"featured_media":0,"comment_status":"closed","ping_status":"closed","sticky":false,"template":"","format":"standard","meta":{"fifu_image_url":"","fifu_image_alt":"","footnotes":""},"categories":[73,55],"tags":[],"class_list":["post-60841","post","type-post","status-publish","format-standard","hentry","category-actualite","category-tunisie"],"_links":{"self":[{"href":"https:\/\/linitiative.ca\/International\/wp-json\/wp\/v2\/posts\/60841","targetHints":{"allow":["GET"]}}],"collection":[{"href":"https:\/\/linitiative.ca\/International\/wp-json\/wp\/v2\/posts"}],"about":[{"href":"https:\/\/linitiative.ca\/International\/wp-json\/wp\/v2\/types\/post"}],"author":[{"embeddable":true,"href":"https:\/\/linitiative.ca\/International\/wp-json\/wp\/v2\/users\/1772"}],"replies":[{"embeddable":true,"href":"https:\/\/linitiative.ca\/International\/wp-json\/wp\/v2\/comments?post=60841"}],"version-history":[{"count":0,"href":"https:\/\/linitiative.ca\/International\/wp-json\/wp\/v2\/posts\/60841\/revisions"}],"wp:attachment":[{"href":"https:\/\/linitiative.ca\/International\/wp-json\/wp\/v2\/media?parent=60841"}],"wp:term":[{"taxonomy":"category","embeddable":true,"href":"https:\/\/linitiative.ca\/International\/wp-json\/wp\/v2\/categories?post=60841"},{"taxonomy":"post_tag","embeddable":true,"href":"https:\/\/linitiative.ca\/International\/wp-json\/wp\/v2\/tags?post=60841"}],"curies":[{"name":"wp","href":"https:\/\/api.w.org\/{rel}","templated":true}]}}