{"id":60848,"date":"2019-09-11T10:16:22","date_gmt":"2019-09-11T14:16:22","guid":{"rendered":"https:\/\/linitiative.ca\/International\/lespagnol-cicasa-rejoint-le-pole-urbain-de-mazagan\/"},"modified":"2019-09-11T10:16:22","modified_gmt":"2019-09-11T14:16:22","slug":"lespagnol-cicasa-rejoint-le-pole-urbain-de-mazagan","status":"publish","type":"post","link":"https:\/\/linitiative.ca\/International\/lespagnol-cicasa-rejoint-le-pole-urbain-de-mazagan\/","title":{"rendered":"L\u2019espagnol Cicasa rejoint le P\u00f4le urbain de Mazagan"},"content":{"rendered":"<p><strong>La soci\u00e9t\u00e9 sera responsable de d\u00e9velopper un projet en quatre phases.<\/strong><\/p>\n<div class=\"c10\"\/>\n<p>La zone urbaine vient de se doter de nouvelles installations. La Soci\u00e9t\u00e9 d\u2019Am\u00e9nagement et de D\u00e9veloppement de Mazagan (SAEDM S.A), filiale du Groupe <strong>OCP<\/strong>, et le groupe espagnol Cicasa, viennent en effet de conclure un partenariat pour le d\u00e9veloppement d\u2019une nouvelle composante r\u00e9sidentielle au niveau du P\u00f4le urbain de Mazagan (PUMA).<\/p>\n<p>La <strong>SAEDM<\/strong> et Cicasa ont ainsi d\u00e9cid\u00e9 de d\u00e9velopper un projet commun en quatre phases, consistant \u00e0 construire et commercialiser un programme mixte int\u00e9grant 114 logements individuels (villas), 463 logements collectifs (appartements) et 5.000 m\u00b2 de commerces, sur un terrain de 18 hectares au sein de PUMA. Les travaux de la phase 1 du programme d\u00e9marreront d\u2019ici d\u00e9but 2020.<\/p>\n<p>Lire aussi : <a href=\"https:\/\/www.challenge.ma\/pole-urbain-de-mazagan-ocp-signe-un-partenariat-avec-realites-110556\/\" target=\"_blank\" rel=\"noreferrer noopener\" aria-label=\"P\u00f4le Urbain de Mazagan : OCP signe un partenariat avec REALITES (s\u2019ouvre dans un nouvel onglet)\">P\u00f4le Urbain de Mazagan : OCP signe un partenariat avec REALITES<\/a><\/p>\n<p>Fond\u00e9e en 1984, <strong>Cicasa<\/strong> est une soci\u00e9t\u00e9 sp\u00e9cialis\u00e9e dans le g\u00e9nie civil, l\u2019am\u00e9nagement, la construction et la promotion immobili\u00e8re. La soci\u00e9t\u00e9 intervient tant en Espagne qu\u2019\u00e0 l\u2019international. Pour sa part, le <strong>P\u00f4le urbain de Mazagan<\/strong>, situ\u00e9 \u00e0 90 km au sud de Casablanca, ambitionne de devenir une ville port\u00e9e par des m\u00e9tiers orient\u00e9s vers le savoir, l\u2019innovation et le sport.<\/p>\n<p>Le P\u00f4le a mobilis\u00e9 un budget de 5 milliards de DH consacr\u00e9 \u00e0 l\u2019am\u00e9nagement et s\u2019\u00e9tend sur une superficie de 1.300 hectares. Il devrait accueillir, \u00e0 l\u2019horizon 2034, environ 134.000 habitants. Le projet se compose d\u2019une zone r\u00e9sidentielle, un p\u00f4le acad\u00e9mique, un espace de recherche et d\u2019innovation, des \u00e9quipements touristiques, culturels et sportifs, ainsi que des zones d\u2019activit\u00e9s tertiaires.<\/p>\n<div class=\"c17\">\n<fieldset class=\"c16\">\n<legend><strong><span class=\"c11\">Challenge<\/span><span class=\"c12\">news<\/span><\/strong><\/legend>\n<div class=\"c15\">Le meilleur de la r\u00e9daction s\u00e9lectionn\u00e9 par Challenge :<\/p>\n<\/div>\n<\/fieldset>\n<\/div>\n<p>Auteur: Karim Handaoui<br \/>\n<a href=\"https:\/\/www.challenge.ma\/lespagnol-cicasa-rejoint-le-pole-urbain-de-mazagan-117085\/\">Cliquez ici pour lire l&rsquo;article depuis sa source.<\/a><\/p>\n","protected":false},"excerpt":{"rendered":"<p>La soci\u00e9t\u00e9 sera responsable de d\u00e9velopper un projet en quatre phases. La zone urbaine vient de se doter de nouvelles installations. La Soci\u00e9t\u00e9 d\u2019Am\u00e9nagement et de D\u00e9veloppement de Mazagan (SAEDM S.A), filiale du Groupe OCP, et le groupe espagnol Cicasa, viennent en effet de conclure un partenariat pour le d\u00e9veloppement d\u2019une nouvelle composante r\u00e9sidentielle au [&hellip;]<\/p>\n","protected":false},"author":1787,"featured_media":0,"comment_status":"closed","ping_status":"closed","sticky":false,"template":"","format":"standard","meta":{"fifu_image_url":"","fifu_image_alt":"","footnotes":""},"categories":[78,54],"tags":[],"class_list":["post-60848","post","type-post","status-publish","format-standard","hentry","category-economie","category-maroc"],"_links":{"self":[{"href":"https:\/\/linitiative.ca\/International\/wp-json\/wp\/v2\/posts\/60848","targetHints":{"allow":["GET"]}}],"collection":[{"href":"https:\/\/linitiative.ca\/International\/wp-json\/wp\/v2\/posts"}],"about":[{"href":"https:\/\/linitiative.ca\/International\/wp-json\/wp\/v2\/types\/post"}],"author":[{"embeddable":true,"href":"https:\/\/linitiative.ca\/International\/wp-json\/wp\/v2\/users\/1787"}],"replies":[{"embeddable":true,"href":"https:\/\/linitiative.ca\/International\/wp-json\/wp\/v2\/comments?post=60848"}],"version-history":[{"count":0,"href":"https:\/\/linitiative.ca\/International\/wp-json\/wp\/v2\/posts\/60848\/revisions"}],"wp:attachment":[{"href":"https:\/\/linitiative.ca\/International\/wp-json\/wp\/v2\/media?parent=60848"}],"wp:term":[{"taxonomy":"category","embeddable":true,"href":"https:\/\/linitiative.ca\/International\/wp-json\/wp\/v2\/categories?post=60848"},{"taxonomy":"post_tag","embeddable":true,"href":"https:\/\/linitiative.ca\/International\/wp-json\/wp\/v2\/tags?post=60848"}],"curies":[{"name":"wp","href":"https:\/\/api.w.org\/{rel}","templated":true}]}}