{"id":60849,"date":"2019-09-11T11:01:29","date_gmt":"2019-09-11T15:01:29","guid":{"rendered":"https:\/\/linitiative.ca\/International\/lasmex-et-ram-cargo-main-dans-la-main\/"},"modified":"2019-09-11T11:01:29","modified_gmt":"2019-09-11T15:01:29","slug":"lasmex-et-ram-cargo-main-dans-la-main","status":"publish","type":"post","link":"https:\/\/linitiative.ca\/International\/lasmex-et-ram-cargo-main-dans-la-main\/","title":{"rendered":"L\u2019Asmex et RAM Cargo main dans la main"},"content":{"rendered":"<p><strong>L\u2019Asmex et la RAM se mobilisent en faveur de l\u2019accroissement des exportations marocaines.<\/strong><\/p>\n<div class=\"c10\"\/>\n<p>L\u2019Association marocaine des exportateurs (<strong>Asmex<\/strong>) et RAM Cargo, filiale du transporteur a\u00e9rien national, ont r\u00e9cemment organis\u00e9 une rencontre au profit des exportateurs. Plac\u00e9 sous le th\u00e8me \u00ab\u00a0<strong>Royal Air Maroc Cargo<\/strong>\u00a0: Les Ailes de Vos Ambitions\u00a0\u00bb, ce rendez-vous a \u00e9t\u00e9 l\u2019occasion pour le leader du fret a\u00e9rien au Maroc de promouvoir l\u2019\u00e9tendue de son r\u00e9seau constitu\u00e9 de 87 destinations dans le monde, et de pr\u00e9senter l\u2019offre tarifaire attractive con\u00e7ue sp\u00e9cifiquement pour les membres de l\u2019Asmex, ont soulign\u00e9 les organisateurs.<\/p>\n<p>Lire aussi : <a href=\"https:\/\/www.challenge.ma\/les-exportateurs-misent-sur-lintelligence-artificielle-106345\/\">Les exportateurs misent sur l\u2019intelligence artificielle<\/a><\/p>\n<p>\u00ab\u00a0Des \u00e9changes fructueux ont eu lieu entre les repr\u00e9sentants\u00a0de la Compagnie a\u00e9rienne\u00a0nationale\u00a0et les principaux acteurs de l\u2019export au Maroc, permettant ainsi de mettre en exergue les challenges,\u00a0les besoins\u00a0et les opportunit\u00e9s que pr\u00e9sente ce secteur\u00a0\u00bb, ont-ils poursuivi. Pour Abdelaziz Mantrach, pr\u00e9sident de la <strong>Commission Logistique<\/strong>, le partenariat entre l\u2019association et RAM Cargo est strat\u00e9gique. Il vise, entre autres, \u00e0 aider les exportateurs marocains \u00e0 p\u00e9n\u00e9trer de <strong>nouveaux march\u00e9s<\/strong> \u00e0 l\u2019international.<\/p>\n<p>Pour Abdelaziz Mantrach, pr\u00e9sident de la <strong>Commission Logistique<\/strong>, le partenariat entre l\u2019association et RAM Cargo est strat\u00e9gique. Il vise, entre autres, \u00e0 aider les exportateurs marocains \u00e0 p\u00e9n\u00e9trer de <strong>nouveaux march\u00e9s<\/strong> \u00e0 l\u2019international.<\/p>\n<p>\u00ab\u00a0La compagnie a\u00e9rienne a d\u00e9velopp\u00e9 davantage son r\u00e9seau sur diff\u00e9rentes nouvelles destinations qui constituent de nouveaux march\u00e9s pour les exportateurs marocains avec des <strong>prix pr\u00e9f\u00e9rentiels<\/strong> qui am\u00e9liorent la comp\u00e9titivit\u00e9 des produits marocains sur les march\u00e9s \u00e9trangers\u00a0\u00bb, a-t-il rench\u00e9ri.<\/p>\n<p>Enfin, soulignons que cette conf\u00e9rence-d\u00e9bat est l\u2019une des nombreuses initiatives pr\u00e9vues dans le cadre de l\u2019accord de partenariat r\u00e9cemment renouvel\u00e9 entre Royal Air Maroc et l\u2019Asmex\u00a0et qui vise \u00e0 proposer notamment des offres tarifaires pr\u00e9f\u00e9rentielles aux membres de l\u2019Association.<\/p>\n<div class=\"c17\">\n<fieldset class=\"c16\">\n<legend><strong><span class=\"c11\">Challenge<\/span><span class=\"c12\">news<\/span><\/strong><\/legend>\n<div class=\"c15\">Le meilleur de la r\u00e9daction s\u00e9lectionn\u00e9 par Challenge :<\/p>\n<\/div>\n<\/fieldset>\n<\/div>\n<p>Auteur: Roland Amoussou<br \/>\n<a href=\"https:\/\/www.challenge.ma\/lasmex-et-ram-cargo-main-dans-la-main-117088\/\">Cliquez ici pour lire l&rsquo;article depuis sa source.<\/a><\/p>\n","protected":false},"excerpt":{"rendered":"<p>L\u2019Asmex et la RAM se mobilisent en faveur de l\u2019accroissement des exportations marocaines. L\u2019Association marocaine des exportateurs (Asmex) et RAM Cargo, filiale du transporteur a\u00e9rien national, ont r\u00e9cemment organis\u00e9 une rencontre au profit des exportateurs. Plac\u00e9 sous le th\u00e8me \u00ab\u00a0Royal Air Maroc Cargo\u00a0: Les Ailes de Vos Ambitions\u00a0\u00bb, ce rendez-vous a \u00e9t\u00e9 l\u2019occasion pour le [&hellip;]<\/p>\n","protected":false},"author":1787,"featured_media":0,"comment_status":"closed","ping_status":"closed","sticky":false,"template":"","format":"standard","meta":{"fifu_image_url":"","fifu_image_alt":"","footnotes":""},"categories":[78,54],"tags":[],"class_list":["post-60849","post","type-post","status-publish","format-standard","hentry","category-economie","category-maroc"],"_links":{"self":[{"href":"https:\/\/linitiative.ca\/International\/wp-json\/wp\/v2\/posts\/60849","targetHints":{"allow":["GET"]}}],"collection":[{"href":"https:\/\/linitiative.ca\/International\/wp-json\/wp\/v2\/posts"}],"about":[{"href":"https:\/\/linitiative.ca\/International\/wp-json\/wp\/v2\/types\/post"}],"author":[{"embeddable":true,"href":"https:\/\/linitiative.ca\/International\/wp-json\/wp\/v2\/users\/1787"}],"replies":[{"embeddable":true,"href":"https:\/\/linitiative.ca\/International\/wp-json\/wp\/v2\/comments?post=60849"}],"version-history":[{"count":0,"href":"https:\/\/linitiative.ca\/International\/wp-json\/wp\/v2\/posts\/60849\/revisions"}],"wp:attachment":[{"href":"https:\/\/linitiative.ca\/International\/wp-json\/wp\/v2\/media?parent=60849"}],"wp:term":[{"taxonomy":"category","embeddable":true,"href":"https:\/\/linitiative.ca\/International\/wp-json\/wp\/v2\/categories?post=60849"},{"taxonomy":"post_tag","embeddable":true,"href":"https:\/\/linitiative.ca\/International\/wp-json\/wp\/v2\/tags?post=60849"}],"curies":[{"name":"wp","href":"https:\/\/api.w.org\/{rel}","templated":true}]}}