{"id":60850,"date":"2019-09-11T11:14:48","date_gmt":"2019-09-11T15:14:48","guid":{"rendered":"https:\/\/linitiative.ca\/International\/taux-de-suicide-au-maroc-les-femmes-majoritairement-touchees\/"},"modified":"2019-09-11T11:14:48","modified_gmt":"2019-09-11T15:14:48","slug":"taux-de-suicide-au-maroc-les-femmes-majoritairement-touchees","status":"publish","type":"post","link":"https:\/\/linitiative.ca\/International\/taux-de-suicide-au-maroc-les-femmes-majoritairement-touchees\/","title":{"rendered":"Taux de suicide au Maroc : Les femmes majoritairement touch\u00e9es"},"content":{"rendered":"<p><strong>Au Maroc, 1014 personnes se sont donn\u00e9 la mort en 2016 (soit 2,9 pour 100.000 habitants), dont 613 femmes et 400 hommes, r\u00e9v\u00e8le l\u2019\u00e9tude faite par l\u2019Organisation mondiale de la sant\u00e9 (OMS) dans\u00a0<\/strong><a rel=\"noreferrer noopener\" href=\"https:\/\/apps.who.int\/iris\/bitstream\/handle\/10665\/326948\/WHO-MSD-MER-19.3-eng.pdf\" target=\"_blank\"><strong>son dernier rapport publi\u00e9 ce lundi 9 septembre<\/strong><\/a><strong>.<\/strong><\/p>\n<div class=\"c10\"\/>\n<p>Presque partout dans le monde, le taux de mortalit\u00e9 par suicide est plus \u00e9lev\u00e9 chez les hommes sauf que le Maroc figure dans le classement des cinq pays o\u00f9 le taux de suicide chez les femmes est plus \u00e9lev\u00e9 que chez les hommes. Dans le m\u00eame classement, on trouve aussi \u00a0Bangladesh, la Chine, le Lesotho et le Myanmar.\u00a0<\/p>\n<ul class=\"wp-block-gallery aligncenter columns-1 is-cropped\">\n<li class=\"blocks-gallery-item\"><img decoding=\"async\" src=\"https:\/\/www.challenge.ma\/wp-content\/uploads\/2019\/09\/cap-2.png\" alt=\"\" data-id=\"117092\" data-link=\"https:\/\/www.challenge.ma\/?attachment_id=117092\" class=\"wp-image-117092\" srcset=\"https:\/\/www.challenge.ma\/wp-content\/uploads\/2019\/09\/cap-2.png 690w, https:\/\/www.challenge.ma\/wp-content\/uploads\/2019\/09\/cap-2-300x198.png 300w, https:\/\/www.challenge.ma\/wp-content\/uploads\/2019\/09\/cap-2-360x237.png 360w\" sizes=\"(max-width: 690px) 100vw, 690px\"\/><\/li>\n<\/ul>\n<p>Au niveau mondial, l\u2019OMS a soulign\u00e9 dans cette \u00e9tude que les taux les plus \u00e9lev\u00e9s de suicide s\u2019affichaient dans les pays \u00e0 revenu \u00e9lev\u00e9, 800.000 personnes mettent fin \u00e0 leurs jours chaque ann\u00e9e dans le monde, soit \u201cun suicide toutes les 40 secondes\u201d une situation qui a tir\u00e9 la sonnette d\u2019alarme chez l\u2019Organisation mondiale de la sant\u00e9.<\/p>\n<div class=\"wp-block-embed__wrapper\">\n<blockquote class=\"twitter-tweet\" data-width=\"550\" data-dnt=\"true\">\n<p lang=\"en\" dir=\"ltr\"><a href=\"https:\/\/twitter.com\/hashtag\/WorldSuicidePreventionDay?src=hash&#038;ref_src=twsrc%5Etfw\">#WorldSuicidePreventionDay<\/a><br \/>One person still dies every 40 seconds from suicide. Prevention of suicide needs a number of intervention including regular exercise and a healthy lifestyle to reduce stress. We are Walking the Talk in Timor Leste.<br \/>Suicides are preventable <a href=\"https:\/\/t.co\/AW0f3mYWrl\">https:\/\/t.co\/AW0f3mYWrl<\/a><\/p>\n<p>\u2014 WHO Timor-Leste (@WHOTimorLeste) <a href=\"https:\/\/twitter.com\/WHOTimorLeste\/status\/1171234851346763779?ref_src=twsrc%5Etfw\">September 10, 2019<\/a><\/p><\/blockquote>\n<\/div>\n<p>D\u2019apr\u00e8s cette \u00e9tude, les m\u00e9thodes de suicide les plus courantes sont la pendaison, l\u2019auto-empoisonnement par les pesticides et les armes \u00e0 feu. Afin de r\u00e9duire le nombre de suicides, plusieurs interventions on \u00e9t\u00e9 mise en place dans le cadre de la d\u00e9marche de sensibilisation de l\u2019OMS, qui m\u00e8ne une campagne sur la pr\u00e9vention du suicide. On trouve la limitation de l\u2019acc\u00e8s aux moyens de se suicider, la sensibilisation des m\u00e9dias \u00e0 un traitement m\u00e9diatique responsable du suicide, la mise en \u0153uvre de programmes destin\u00e9s aux jeunes pour leur permettre d\u2019acqu\u00e9rir les capacit\u00e9s d\u2019affronter les difficult\u00e9s de la vie, et l\u2019identification et la prise en charge pr\u00e9coces, ainsi que le suivi des personnes \u00e0 risque.<\/p>\n<div class=\"c17\">\n<fieldset class=\"c16\">\n<legend><strong><span class=\"c11\">Challenge<\/span><span class=\"c12\">news<\/span><\/strong><\/legend>\n<div class=\"c15\">Le meilleur de la r\u00e9daction s\u00e9lectionn\u00e9 par Challenge :<\/p>\n<\/div>\n<\/fieldset>\n<\/div>\n<p>Auteur: Hajar DARI<br \/>\n<a href=\"https:\/\/www.challenge.ma\/taux-de-suicide-au-maroc-les-femmes-majoritairement-touchees-117089\/\">Cliquez ici pour lire l&rsquo;article depuis sa source.<\/a><\/p>\n","protected":false},"excerpt":{"rendered":"<p>Au Maroc, 1014 personnes se sont donn\u00e9 la mort en 2016 (soit 2,9 pour 100.000 habitants), dont 613 femmes et 400 hommes, r\u00e9v\u00e8le l\u2019\u00e9tude faite par l\u2019Organisation mondiale de la sant\u00e9 (OMS) dans\u00a0son dernier rapport publi\u00e9 ce lundi 9 septembre. Presque partout dans le monde, le taux de mortalit\u00e9 par suicide est plus \u00e9lev\u00e9 chez [&hellip;]<\/p>\n","protected":false},"author":1787,"featured_media":60851,"comment_status":"closed","ping_status":"closed","sticky":false,"template":"","format":"standard","meta":{"fifu_image_url":"","fifu_image_alt":"","footnotes":""},"categories":[78,54],"tags":[],"class_list":["post-60850","post","type-post","status-publish","format-standard","has-post-thumbnail","hentry","category-economie","category-maroc"],"_links":{"self":[{"href":"https:\/\/linitiative.ca\/International\/wp-json\/wp\/v2\/posts\/60850","targetHints":{"allow":["GET"]}}],"collection":[{"href":"https:\/\/linitiative.ca\/International\/wp-json\/wp\/v2\/posts"}],"about":[{"href":"https:\/\/linitiative.ca\/International\/wp-json\/wp\/v2\/types\/post"}],"author":[{"embeddable":true,"href":"https:\/\/linitiative.ca\/International\/wp-json\/wp\/v2\/users\/1787"}],"replies":[{"embeddable":true,"href":"https:\/\/linitiative.ca\/International\/wp-json\/wp\/v2\/comments?post=60850"}],"version-history":[{"count":0,"href":"https:\/\/linitiative.ca\/International\/wp-json\/wp\/v2\/posts\/60850\/revisions"}],"wp:featuredmedia":[{"embeddable":true,"href":"https:\/\/linitiative.ca\/International\/wp-json\/"}],"wp:attachment":[{"href":"https:\/\/linitiative.ca\/International\/wp-json\/wp\/v2\/media?parent=60850"}],"wp:term":[{"taxonomy":"category","embeddable":true,"href":"https:\/\/linitiative.ca\/International\/wp-json\/wp\/v2\/categories?post=60850"},{"taxonomy":"post_tag","embeddable":true,"href":"https:\/\/linitiative.ca\/International\/wp-json\/wp\/v2\/tags?post=60850"}],"curies":[{"name":"wp","href":"https:\/\/api.w.org\/{rel}","templated":true}]}}