{"id":60852,"date":"2019-09-11T13:55:33","date_gmt":"2019-09-11T17:55:33","guid":{"rendered":"https:\/\/linitiative.ca\/International\/fnacam-les-professionnels-veulent-donner-un-nouveau-souffle-au-secteur\/"},"modified":"2019-09-11T13:55:33","modified_gmt":"2019-09-11T17:55:33","slug":"fnacam-les-professionnels-veulent-donner-un-nouveau-souffle-au-secteur","status":"publish","type":"post","link":"https:\/\/linitiative.ca\/International\/fnacam-les-professionnels-veulent-donner-un-nouveau-souffle-au-secteur\/","title":{"rendered":"FNACAM : les professionnels veulent donner un nouveau souffle au secteur"},"content":{"rendered":"<p>La rencontre annuelle de la FNACAM, organis\u00e9e le 11 septembre, a permis aux professionnels de r\u00e9fl\u00e9chir sur les moyens \u00e0 mettre en \u0153uvre pour insuffler une nouvelle dynamique \u00e0 leur secteur d\u2019activit\u00e9.<\/p>\n<div class=\"c10\"\/>\n<p>Les agents et courtiers d\u2019assurance ont tenu le 11 septembre leur grand-messe annuelle \u00e0 Casablanca. Une occasion importante pour les membres de la <strong>FNACAM<\/strong> (F\u00e9d\u00e9ration nationale des agents et courtiers d\u2019assurance du Maroc) de revenir sur les d\u00e9fis et les opportunit\u00e9s du secteur. Ainsi, la quatri\u00e8me \u00e9dition de cette \u00a0rencontre annuelle a permis aux professionnels de mettre un accent particulier sur les moyens \u00e0 mettre en \u0153uvre pour notamment insuffler une <strong>nouvelle dynamique<\/strong> \u00e0 leur secteur d\u2019activit\u00e9. \u00a0Soulignons qu\u2019une r\u00e9flexion profonde a \u00e9t\u00e9 lanc\u00e9e sur les questions de la fiscalit\u00e9, du revenu des interm\u00e9diaires ou encore du d\u00e9veloppement digital, ainsi que sur les moyens \u00e0 m\u00eame de mieux servir les int\u00e9r\u00eats des interm\u00e9diaires, quels que soit leur statut et leur taille.<\/p>\n<p>Lire aussi : <a href=\"https:\/\/www.challenge.ma\/digitalisation-les-intermediaires-dassurance-font-de-la-resistance-99874\/\">Digitalisation : les interm\u00e9diaires d\u2019assurance font de la r\u00e9sistance<\/a><\/p>\n<p>Farid Bensaid, pr\u00e9sident de la FNACAM, a fait savoir que le conseil f\u00e9d\u00e9ral de l\u2019association entend promouvoir le secteur \u00e0 travers des actions pr\u00e9cises. Il a aussi mis en exergue l\u2019importance de renforcer la coop\u00e9ration entre la FNACAM, l\u2019Autorit\u00e9 de contr\u00f4le des assurances et de la pr\u00e9voyance sociale (<strong>ACAPS<\/strong>) et la F\u00e9d\u00e9ration marocaine des Compagnies d\u2019assurance et de r\u00e9assurance (FMSAR). \u00ab\u00a0Ce secteur est class\u00e9 deuxi\u00e8me sur le march\u00e9 africain et premier sur le march\u00e9 arabe\u00a0\u00bb, a-t-il soulign\u00e9, ajoutant que la place des agents d\u2019assurance dans ce secteur, qui p\u00e8se plus que 40 milliards de DH, est non n\u00e9gligeable et s\u2019\u00e9l\u00e8ve \u00e0 pr\u00e8s de 60%.<\/p>\n<p>Pour sa part, le pr\u00e9sident de l\u2019ACAPS, Hassan Boubrik, a mis l\u2019accent sur la volont\u00e9 sinc\u00e8re de la FNACAM d\u2019interagir d\u2019une mani\u00e8re positive avec toutes les parties prenantes dans l\u2019int\u00e9r\u00eat des interm\u00e9diaires, assur\u00e9s et le march\u00e9 de mani\u00e8re globale. Il a \u00e9galement laiss\u00e9 entendre qu\u2019il est dispos\u00e9 \u00e0 travailler main dans la main avec le nouveau conseil f\u00e9d\u00e9ral pour faire progresser la profession. De son c\u00f4t\u00e9, le pr\u00e9sident de la <strong>FMSAR<\/strong>, Mohamed Hassan Bensalah, a indiqu\u00e9 que les interm\u00e9diaires d\u2019assurance doivent b\u00e9n\u00e9ficier des r\u00e8gles les plus claires en mati\u00e8re de concurrence et de neutralit\u00e9 fiscale au m\u00eame titre que l\u2019ensemble des acteurs d\u2019autres secteurs d\u2019activit\u00e9.<\/p>\n<p>Il a aussi, entre autres, fait remarquer que les agents ne doivent plus continuer \u00e0 subir une <strong>TVA<\/strong> non r\u00e9cup\u00e9rable sur leurs commissions qui affecte leur rentabilit\u00e9. Force est de souligner que cette rencontre annuelle intervient juste apr\u00e8s la tenue de l\u2019assembl\u00e9e extraordinaire de la FNACAM ayant \u00a0permis d\u2019adopter de nouveaux statuts approuv\u00e9s par l\u2019ACAPS, pour se mettre en conformit\u00e9 avec les lois en vigueur.<\/p>\n<div class=\"c17\">\n<fieldset class=\"c16\">\n<legend><strong><span class=\"c11\">Challenge<\/span><span class=\"c12\">news<\/span><\/strong><\/legend>\n<div class=\"c15\">Le meilleur de la r\u00e9daction s\u00e9lectionn\u00e9 par Challenge :<\/p>\n<\/div>\n<\/fieldset>\n<\/div>\n<p>Auteur: Roland Amoussou<br \/>\n<a href=\"https:\/\/www.challenge.ma\/fnacam-les-professionnels-veulent-donner-un-nouveau-souffle-au-secteur-117111\/\">Cliquez ici pour lire l&rsquo;article depuis sa source.<\/a><\/p>\n","protected":false},"excerpt":{"rendered":"<p>La rencontre annuelle de la FNACAM, organis\u00e9e le 11 septembre, a permis aux professionnels de r\u00e9fl\u00e9chir sur les moyens \u00e0 mettre en \u0153uvre pour insuffler une nouvelle dynamique \u00e0 leur secteur d\u2019activit\u00e9. Les agents et courtiers d\u2019assurance ont tenu le 11 septembre leur grand-messe annuelle \u00e0 Casablanca. Une occasion importante pour les membres de la [&hellip;]<\/p>\n","protected":false},"author":1787,"featured_media":0,"comment_status":"closed","ping_status":"closed","sticky":false,"template":"","format":"standard","meta":{"fifu_image_url":"","fifu_image_alt":"","footnotes":""},"categories":[78,54],"tags":[],"class_list":["post-60852","post","type-post","status-publish","format-standard","hentry","category-economie","category-maroc"],"_links":{"self":[{"href":"https:\/\/linitiative.ca\/International\/wp-json\/wp\/v2\/posts\/60852","targetHints":{"allow":["GET"]}}],"collection":[{"href":"https:\/\/linitiative.ca\/International\/wp-json\/wp\/v2\/posts"}],"about":[{"href":"https:\/\/linitiative.ca\/International\/wp-json\/wp\/v2\/types\/post"}],"author":[{"embeddable":true,"href":"https:\/\/linitiative.ca\/International\/wp-json\/wp\/v2\/users\/1787"}],"replies":[{"embeddable":true,"href":"https:\/\/linitiative.ca\/International\/wp-json\/wp\/v2\/comments?post=60852"}],"version-history":[{"count":0,"href":"https:\/\/linitiative.ca\/International\/wp-json\/wp\/v2\/posts\/60852\/revisions"}],"wp:attachment":[{"href":"https:\/\/linitiative.ca\/International\/wp-json\/wp\/v2\/media?parent=60852"}],"wp:term":[{"taxonomy":"category","embeddable":true,"href":"https:\/\/linitiative.ca\/International\/wp-json\/wp\/v2\/categories?post=60852"},{"taxonomy":"post_tag","embeddable":true,"href":"https:\/\/linitiative.ca\/International\/wp-json\/wp\/v2\/tags?post=60852"}],"curies":[{"name":"wp","href":"https:\/\/api.w.org\/{rel}","templated":true}]}}