{"id":60853,"date":"2019-09-11T12:20:25","date_gmt":"2019-09-11T16:20:25","guid":{"rendered":"https:\/\/linitiative.ca\/International\/carburant-frelate-total-donne-sa-version-des-faits\/"},"modified":"2019-09-11T12:20:25","modified_gmt":"2019-09-11T16:20:25","slug":"carburant-frelate-total-donne-sa-version-des-faits","status":"publish","type":"post","link":"https:\/\/linitiative.ca\/International\/carburant-frelate-total-donne-sa-version-des-faits\/","title":{"rendered":"Carburant frelat\u00e9 : Total donne sa version des faits"},"content":{"rendered":"<p><strong>Total Cameroun<\/strong> apporte des clarifications \u00e0 la suite de la d\u00e9couverte du carburant frelat\u00e9 dans la station de Dibamba samedi 7 septembre 2019 par le cort\u00e8ge de <strong>Gaston Eloundou Essomba,<\/strong> ministre de l\u2019Eau et de l\u2019\u00e9nergie (Minee).\u00a0 Dans un communiqu\u00e9 de presse, le marqueteur pr\u00e9cise \u00ab\u00a0<em>Samedi 7 septembre au matin sur la station de Dibamba (Douala), une pr\u00e9sence d\u2019eau dans trois cuves de gasoil qui venaient d\u2019\u00eatre livr\u00e9es en carburant a \u00e9t\u00e9 identifi\u00e9e.\u00a0 Les autres cuves de gasoil et de super ont imm\u00e9diatement fait l\u2019objet d\u2019un contr\u00f4le, qui n\u2019a quant \u00e0 lui r\u00e9v\u00e9l\u00e9 aucune anomalie<\/em>\u00a0\u00bb.<\/p>\n<p>Total indique que des \u00e9tudes sont en train d\u2019\u00eatre men\u00e9es pour identifier les causes de cet incident dit \u00ab\u00a0inhabituel\u00a0\u00bb. Dans le m\u00eame temps, Total renseigne que \u00ab <em>selon une premi\u00e8re hypoth\u00e8se, la livraison en produits blancs du matin charg\u00e9 \u00e0 la SCDP, par un de nos transporteurs contenait de l\u2019eau qui aurait contamin\u00e9 le gasoil et serait la cause de cet incident<\/em> \u00bb .<\/p>\n<p>L\u2019on apprendra de m\u00eame que le camion venu assurer la livraison \u00e9tait encore en place au moment des faits. Il venait de livrer 11 000 litres. Tandis que la citerne de 36 000 litres, elle \u00e9tait encore charg\u00e9e. Jusqu\u2019ici, aucune communication de la SCDP n\u2019a filtr\u00e9, mais des sources cr\u00e9dibles, soulignent que la soci\u00e9t\u00e9 ne tardera pas \u00e0 donner sa version des faits.<\/p>\n<p>Pour rappel, <strong>Gaston Eloundou Essomba<\/strong>, ministre de l\u2019Eau et de l\u2019Energie a d\u00e9couvert samedi 7 septembre 2019 un r\u00e9seau mafieux de carburant frelat\u00e9 \u00e0 Total Dibamba, \u00e0 Douala de retour d\u2019une visite d\u2019inspection des installations de la Soci\u00e9t\u00e9 camerounaise de d\u00e9p\u00f4ts p\u00e9troliers (SCDP).\u00a0 Les faits se sont d\u00e9roul\u00e9s alors que son cort\u00e8ge se ravitaillait. Selon les t\u00e9moins, les v\u00e9hicules ayant pris du gasoil en premier peinaient \u00e0 red\u00e9marrer.<\/p>\n<p>Sur cet entrefait, le Minee, a ipso facto instruit la v\u00e9rification des cuves de la station-service. Le super, et le p\u00e9trole lampant n\u2019ont pr\u00e9sent\u00e9 aucun signe, par contre le gasoil \u00e9tait dilu\u00e9.<\/p>\n<div class=\"about-author about-author-box container-wrapper\">\n<div class=\"author-avatar\">\n<p><img decoding=\"async\" src=\"http:\/\/\" alt=\"\"\/><\/p>\n<\/div>\n<p><h4>La R\u00e9daction EcoMatin<\/h4>\n<\/p>\n<\/div>\n<div class=\"awac-wrapper awac widget blog_subscription-2\">\n<h4 class=\"widget-title\">Abonnez-vous \u00e0 notre lettre d&rsquo;information<\/h4>\n<\/div>\n<p>Auteur: EcoMatin<br \/>\n<a href=\"https:\/\/ecomatin.net\/carburant-frelate-total-donne-sa-version-des-faits\/\">Cliquez ici pour lire l&rsquo;article depuis sa source.<\/a><\/p>\n","protected":false},"excerpt":{"rendered":"<p>Total Cameroun apporte des clarifications \u00e0 la suite de la d\u00e9couverte du carburant frelat\u00e9 dans la station de Dibamba samedi 7 septembre 2019 par le cort\u00e8ge de Gaston Eloundou Essomba, ministre de l\u2019Eau et de l\u2019\u00e9nergie (Minee).\u00a0 Dans un communiqu\u00e9 de presse, le marqueteur pr\u00e9cise \u00ab\u00a0Samedi 7 septembre au matin sur la station de Dibamba [&hellip;]<\/p>\n","protected":false},"author":1969,"featured_media":0,"comment_status":"closed","ping_status":"closed","sticky":false,"template":"","format":"standard","meta":{"fifu_image_url":"","fifu_image_alt":"","footnotes":""},"categories":[82,78],"tags":[],"class_list":["post-60853","post","type-post","status-publish","format-standard","hentry","category-cameroun","category-economie"],"_links":{"self":[{"href":"https:\/\/linitiative.ca\/International\/wp-json\/wp\/v2\/posts\/60853","targetHints":{"allow":["GET"]}}],"collection":[{"href":"https:\/\/linitiative.ca\/International\/wp-json\/wp\/v2\/posts"}],"about":[{"href":"https:\/\/linitiative.ca\/International\/wp-json\/wp\/v2\/types\/post"}],"author":[{"embeddable":true,"href":"https:\/\/linitiative.ca\/International\/wp-json\/wp\/v2\/users\/1969"}],"replies":[{"embeddable":true,"href":"https:\/\/linitiative.ca\/International\/wp-json\/wp\/v2\/comments?post=60853"}],"version-history":[{"count":0,"href":"https:\/\/linitiative.ca\/International\/wp-json\/wp\/v2\/posts\/60853\/revisions"}],"wp:attachment":[{"href":"https:\/\/linitiative.ca\/International\/wp-json\/wp\/v2\/media?parent=60853"}],"wp:term":[{"taxonomy":"category","embeddable":true,"href":"https:\/\/linitiative.ca\/International\/wp-json\/wp\/v2\/categories?post=60853"},{"taxonomy":"post_tag","embeddable":true,"href":"https:\/\/linitiative.ca\/International\/wp-json\/wp\/v2\/tags?post=60853"}],"curies":[{"name":"wp","href":"https:\/\/api.w.org\/{rel}","templated":true}]}}